{"id":122505,"date":"2025-10-23T02:59:08","date_gmt":"2025-10-23T02:59:08","guid":{"rendered":"https:\/\/www.europesays.com\/pt\/122505\/"},"modified":"2025-10-23T02:59:08","modified_gmt":"2025-10-23T02:59:08","slug":"estados-unidos-ponderam-restringir-exportacoes-de-software-para-a-china","status":"publish","type":"post","link":"https:\/\/www.europesays.com\/pt\/122505\/","title":{"rendered":"Estados Unidos ponderam restringir exporta\u00e7\u00f5es de software para a China"},"content":{"rendered":"<p>        Medida pode restringir remessas para a China de produtos que contenham ou sejam fabricados com software dos EUA. O plano retaliaria contra as restri\u00e7\u00f5es de exporta\u00e7\u00e3o de terras raras da China, se adotado.    <\/p>\n<p>A administra\u00e7\u00e3o Trump est\u00e1 a considerar um plano para restringir uma gama enorme de exporta\u00e7\u00f5es de software para a China, de laptops a motores a jato, para retaliar contra a poss\u00edvel restri\u00e7\u00e3o de exporta\u00e7\u00e3o de terras raras de Pequim, de acordo com uma reportagem da ag\u00eancia Reuters. Embora o plano n\u00e3o seja a \u00fanica op\u00e7\u00e3o dispon\u00edvel, cumpriria a amea\u00e7a do presidente Donald Trump, feita no in\u00edcio deste m\u00eas, de proibir exporta\u00e7\u00f5es de \u201csoftware cr\u00edtico\u201d para a China, restringindo remessas de produtos que contenham software fabricado nos Estados Unidos ou que tenham sido produzidos com software dessa proveni\u00eancia.<\/p>\n<p>Em 10 de outubro, Trump nas redes sociais que imporia tarifas adicionais de 100% sobre as remessas da China com destino aos EUA, juntamente com novos controlos de exporta\u00e7\u00e3o sobre \u201ctodo e qualquer software cr\u00edtico\u201d at\u00e9 1 de novembro, sem mais detalhes. Segundo a ag\u00eancia, a medida pode n\u00e3o avan\u00e7ar, mas o facto de estar\u00e1 a ser ponderada mostra que o governo Trump est\u00e1 a avaliar uma escalada dr\u00e1stica no confronto com a China. H\u00e1, no entanto, dentro da administra\u00e7\u00e3o quem seja a favor de uma abordagem mais suave. A Casa Branca n\u00e3o quis comentar.<\/p>\n<p>Um porta-voz da embaixada chinesa tamb\u00e9m n\u00e3o comentou especificamente esta poss\u00edvel medida, mas disse que o pa\u00eds se op\u00f5e \u00e0 \u201cimposi\u00e7\u00e3o de medidas unilaterais de jurisdi\u00e7\u00e3o de longo alcance\u201d pelos EUA e prometeu \u201ctomar medidas resolutas para proteger os seus direitos e interesses leg\u00edtimos\u201d.<\/p>\n<p>A medida pode prejudicar o com\u00e9rcio global com a China, especialmente de produtos de tecnologia, e pode ter um custo enorme para a economia dos Estados Unidos se for totalmente implementada, refere a Reuters.<\/p>\n<p>Embora Trump tenha imposto uma s\u00e9rie de tarifas \u00e0 China desde que assumiu o cargo em janeiro, hesitou no uso de restri\u00e7\u00f5es \u00e0s exporta\u00e7\u00f5es para Pequim: imp\u00f4s restri\u00e7\u00f5es \u00e0s remessas de chips de IA da Nvidia e de software de design de chips, mas de seguida removeu-as.<\/p>\n<p>As importa\u00e7\u00f5es chinesas enfrentam atualmente tarifas norte-americanas de 55%, que podem subir para 155% se Trump cumprir a amea\u00e7a. O secret\u00e1rio do Tesouro, Scott Bessent, disse na passada sexta-feira que espera encontrar-se com o vice-primeiro-ministro chin\u00eas, He Lifeng, na Mal\u00e1sia esta semana, antes do encontro entre Trump e Xi Jinping na Coreia do Sul no final do m\u00eas.<\/p>\n","protected":false},"excerpt":{"rendered":"Medida pode restringir remessas para a China de produtos que contenham ou sejam fabricados com software dos EUA.&hellip;\n","protected":false},"author":2,"featured_media":122506,"comment_status":"","ping_status":"","sticky":false,"template":"","format":"standard","meta":{"footnotes":""},"categories":[83],"tags":[88,358,89,90,413,28369,32,33,3173,717],"class_list":{"0":"post-122505","1":"post","2":"type-post","3":"status-publish","4":"format-standard","5":"has-post-thumbnail","7":"category-empresas","8":"tag-business","9":"tag-china","10":"tag-economy","11":"tag-empresas","12":"tag-eua","13":"tag-guerra-comercial-china-eua","14":"tag-portugal","15":"tag-pt","16":"tag-software","17":"tag-tarifas"},"share_on_mastodon":{"url":"https:\/\/pubeurope.com\/@pt\/115421247084636780","error":""},"_links":{"self":[{"href":"https:\/\/www.europesays.com\/pt\/wp-json\/wp\/v2\/posts\/122505","targetHints":{"allow":["GET"]}}],"collection":[{"href":"https:\/\/www.europesays.com\/pt\/wp-json\/wp\/v2\/posts"}],"about":[{"href":"https:\/\/www.europesays.com\/pt\/wp-json\/wp\/v2\/types\/post"}],"author":[{"embeddable":true,"href":"https:\/\/www.europesays.com\/pt\/wp-json\/wp\/v2\/users\/2"}],"replies":[{"embeddable":true,"href":"https:\/\/www.europesays.com\/pt\/wp-json\/wp\/v2\/comments?post=122505"}],"version-history":[{"count":0,"href":"https:\/\/www.europesays.com\/pt\/wp-json\/wp\/v2\/posts\/122505\/revisions"}],"wp:featuredmedia":[{"embeddable":true,"href":"https:\/\/www.europesays.com\/pt\/wp-json\/wp\/v2\/media\/122506"}],"wp:attachment":[{"href":"https:\/\/www.europesays.com\/pt\/wp-json\/wp\/v2\/media?parent=122505"}],"wp:term":[{"taxonomy":"category","embeddable":true,"href":"https:\/\/www.europesays.com\/pt\/wp-json\/wp\/v2\/categories?post=122505"},{"taxonomy":"post_tag","embeddable":true,"href":"https:\/\/www.europesays.com\/pt\/wp-json\/wp\/v2\/tags?post=122505"}],"curies":[{"name":"wp","href":"https:\/\/api.w.org\/{rel}","templated":true}]}}