{"id":122509,"date":"2025-10-23T03:03:26","date_gmt":"2025-10-23T03:03:26","guid":{"rendered":"https:\/\/www.europesays.com\/pt\/122509\/"},"modified":"2025-10-23T03:03:26","modified_gmt":"2025-10-23T03:03:26","slug":"ana-maria-braga-passa-mal-ao-vivo-e-surpreende-espectadores","status":"publish","type":"post","link":"https:\/\/www.europesays.com\/pt\/122509\/","title":{"rendered":"Ana Maria Braga passa mal ao vivo e surpreende espectadores"},"content":{"rendered":"<p><strong><a href=\"https:\/\/www.otempo.com.br\/entretenimento\/2025\/10\/20\/ana-maria-braga-chora-ao-falar-de-tom-veiga-interprete-do-louro-jose-momentos-mais-dificeis\" target=\"_blank\" rel=\"noopener nofollow\">Ana Maria Braga <\/a><\/strong>deu um susto nos espectadores do Mais Voc\u00ea durante o programa desta quarta-feira (22). A apresentadora da Globo precisou sair do est\u00fadio rapidamente logo ap\u00f3s iniciar a atra\u00e7\u00e3o avisando que teria que ir ao banheiro.<\/p>\n<blockquote class=\"instagram-media\" style=\"background: #FFF; border: 0; border-radius: 3px; box-shadow: 0 0 1px 0 rgba(0,0,0,0.5),0 1px 10px 0 rgba(0,0,0,0.15); margin: 1px; max-width: 540px; min-width: 326px; padding: 0; width: calc(100% - 2px);\" data-instgrm-captioned=\"\" data-instgrm-permalink=\"https:\/\/www.instagram.com\/reel\/DQHia5ejUm0\/?utm_source=ig_embed&amp;utm_campaign=loading\" data-instgrm-version=\"14\"><p>&#13;<br \/>\n&#13;\n<\/p><\/blockquote>\n<p>\u00a0<\/p>\n<p>\u00a0<\/p>\n<p>Antes de deixar temporariamente o programa, Ana convocou Tati Machado para assumir sua posi\u00e7\u00e3o ao lado de Ju Massaoka. Ao voltar, depois de alguns minutos, ela se explicou com bastante honestidade, dizendo que n\u00e3o conseguiu conter o mal-estar.<\/p>\n<p>&#8220;Obviamente, com a minha sa\u00edda daqui com o programa ao vivo, o pessoal da internet ficou enlouquecido&#8221;, declarou. &#8220;Numa hora dessa, voc\u00ea vai falar o qu\u00ea? Vai falar: &#8216;eu vou tomar caf\u00e9&#8217;, n\u00e9? Foi mais ou menos isso que aconteceu. Na verdade, foi uma dor de barriga danada, e a\u00ed n\u00e3o tem o que fazer, minha senhora. O que eu ia falar? Ia mentir? Para qu\u00ea? Tanta gente ia saber que eu fui ao banheiro. \u00c9 melhor falar a verdade mesmo.&#8221;<\/p>\n<p>O programa transcorreu normalmente ap\u00f3s o retorno de Ana Maria, e Tati at\u00e9 explicou que a apresentadora sentiu o desconforto poucos minutos antes de entrar ao vivo. &#8220;O programa prestes a come\u00e7ar. 3, 2, 1\u2026 &#8216;Gente, deu ruim aqui'&#8221;, riu a apresentadora.<\/p>\n<p>\u00a0<\/p>\n<p>\u00a0<\/p>\n<p>\u00a0<\/p>\n<p>\u00a0 \u00a0 \u00a0 \u00a0<\/p>\n<p>            <script async src=\"\/\/www.instagram.com\/embed.js\"><\/script><\/p>\n","protected":false},"excerpt":{"rendered":"Ana Maria Braga deu um susto nos espectadores do Mais Voc\u00ea durante o programa desta quarta-feira (22). A&hellip;\n","protected":false},"author":2,"featured_media":122510,"comment_status":"","ping_status":"","sticky":false,"template":"","format":"standard","meta":{"footnotes":""},"categories":[145],"tags":[752,211,210,114,115,1232,28370,32,33,2970],"class_list":{"0":"post-122509","1":"post","2":"type-post","3":"status-publish","4":"format-standard","5":"has-post-thumbnail","7":"category-celebridades","8":"tag-ana-maria-braga","9":"tag-celebridades","10":"tag-celebrities","11":"tag-entertainment","12":"tag-entretenimento","13":"tag-mais-voce","14":"tag-piriri","15":"tag-portugal","16":"tag-pt","17":"tag-tati-machado"},"share_on_mastodon":{"url":"https:\/\/pubeurope.com\/@pt\/115421262971125286","error":""},"_links":{"self":[{"href":"https:\/\/www.europesays.com\/pt\/wp-json\/wp\/v2\/posts\/122509","targetHints":{"allow":["GET"]}}],"collection":[{"href":"https:\/\/www.europesays.com\/pt\/wp-json\/wp\/v2\/posts"}],"about":[{"href":"https:\/\/www.europesays.com\/pt\/wp-json\/wp\/v2\/types\/post"}],"author":[{"embeddable":true,"href":"https:\/\/www.europesays.com\/pt\/wp-json\/wp\/v2\/users\/2"}],"replies":[{"embeddable":true,"href":"https:\/\/www.europesays.com\/pt\/wp-json\/wp\/v2\/comments?post=122509"}],"version-history":[{"count":0,"href":"https:\/\/www.europesays.com\/pt\/wp-json\/wp\/v2\/posts\/122509\/revisions"}],"wp:featuredmedia":[{"embeddable":true,"href":"https:\/\/www.europesays.com\/pt\/wp-json\/wp\/v2\/media\/122510"}],"wp:attachment":[{"href":"https:\/\/www.europesays.com\/pt\/wp-json\/wp\/v2\/media?parent=122509"}],"wp:term":[{"taxonomy":"category","embeddable":true,"href":"https:\/\/www.europesays.com\/pt\/wp-json\/wp\/v2\/categories?post=122509"},{"taxonomy":"post_tag","embeddable":true,"href":"https:\/\/www.europesays.com\/pt\/wp-json\/wp\/v2\/tags?post=122509"}],"curies":[{"name":"wp","href":"https:\/\/api.w.org\/{rel}","templated":true}]}}