{"id":122511,"date":"2025-10-23T03:04:48","date_gmt":"2025-10-23T03:04:48","guid":{"rendered":"https:\/\/www.europesays.com\/pt\/122511\/"},"modified":"2025-10-23T03:04:48","modified_gmt":"2025-10-23T03:04:48","slug":"o-predio-mais-alto-dos-eua-ficara-em-oklahoma-tudo-o-que-ja-descobrimos-sobre-edificios","status":"publish","type":"post","link":"https:\/\/www.europesays.com\/pt\/122511\/","title":{"rendered":"O pr\u00e9dio mais alto dos EUA ficar\u00e1 em Oklahoma: tudo o que j\u00e1 descobrimos sobre | Edif\u00edcios"},"content":{"rendered":"\n<p class=\" content-text__container \" data-track-category=\"Link no Texto\" data-track-links=\"\"> Os n\u00edveis de base do complexo apresentar\u00e3o pra\u00e7as abertas e espa\u00e7os para varejo e <a class=\"\" href=\"https:\/\/casavogue.globo.com\/lazer-e-cultura\/restaurante\/noticia\/2025\/08\/comfort-food-10-restaurantes-em-sp-para-aquecer-o-corpo-e-a-alma.ghtml\" rel=\"nofollow noopener\" target=\"_blank\">restaurantes<\/a>. A partir desse volume, quatro torres se estender\u00e3o para cima. Tr\u00eas delas ter\u00e3o 345 p\u00e9s (105 metros), enquanto a quarta \u2014 chamada Legends Tower \u2014 se elevar\u00e1 a 1.907 p\u00e9s (581 metros). Essa altura n\u00e3o apenas garante o recorde de edif\u00edcio mais alto do pa\u00eds, como tamb\u00e9m representa o ano em que Oklahoma foi ratificado como o 46\u00ba estado, em 1907. \u201cUm catalisador para a evolu\u00e7\u00e3o urbana, o Boardwalk incorpora a ess\u00eancia vibrante de Oklahoma City, homenageando seu passado rico, presente din\u00e2mico e futuro promissor\u201d, compartilhou a AO. <\/p>\n","protected":false},"excerpt":{"rendered":"Os n\u00edveis de base do complexo apresentar\u00e3o pra\u00e7as abertas e espa\u00e7os para varejo e restaurantes. A partir desse&hellip;\n","protected":false},"author":2,"featured_media":122512,"comment_status":"","ping_status":"","sticky":false,"template":"","format":"standard","meta":{"footnotes":""},"categories":[144],"tags":[207,205,206,203,201,202,204,114,115,32,33],"class_list":{"0":"post-122511","1":"post","2":"type-post","3":"status-publish","4":"format-standard","5":"has-post-thumbnail","7":"category-arte-e-design","8":"tag-arte","9":"tag-arte-e-design","10":"tag-artedesign","11":"tag-arts","12":"tag-arts-and-design","13":"tag-artsanddesign","14":"tag-design","15":"tag-entertainment","16":"tag-entretenimento","17":"tag-portugal","18":"tag-pt"},"share_on_mastodon":{"url":"https:\/\/pubeurope.com\/@pt\/115421270732689181","error":""},"_links":{"self":[{"href":"https:\/\/www.europesays.com\/pt\/wp-json\/wp\/v2\/posts\/122511","targetHints":{"allow":["GET"]}}],"collection":[{"href":"https:\/\/www.europesays.com\/pt\/wp-json\/wp\/v2\/posts"}],"about":[{"href":"https:\/\/www.europesays.com\/pt\/wp-json\/wp\/v2\/types\/post"}],"author":[{"embeddable":true,"href":"https:\/\/www.europesays.com\/pt\/wp-json\/wp\/v2\/users\/2"}],"replies":[{"embeddable":true,"href":"https:\/\/www.europesays.com\/pt\/wp-json\/wp\/v2\/comments?post=122511"}],"version-history":[{"count":0,"href":"https:\/\/www.europesays.com\/pt\/wp-json\/wp\/v2\/posts\/122511\/revisions"}],"wp:featuredmedia":[{"embeddable":true,"href":"https:\/\/www.europesays.com\/pt\/wp-json\/wp\/v2\/media\/122512"}],"wp:attachment":[{"href":"https:\/\/www.europesays.com\/pt\/wp-json\/wp\/v2\/media?parent=122511"}],"wp:term":[{"taxonomy":"category","embeddable":true,"href":"https:\/\/www.europesays.com\/pt\/wp-json\/wp\/v2\/categories?post=122511"},{"taxonomy":"post_tag","embeddable":true,"href":"https:\/\/www.europesays.com\/pt\/wp-json\/wp\/v2\/tags?post=122511"}],"curies":[{"name":"wp","href":"https:\/\/api.w.org\/{rel}","templated":true}]}}