{"id":122517,"date":"2025-10-23T03:09:19","date_gmt":"2025-10-23T03:09:19","guid":{"rendered":"https:\/\/www.europesays.com\/pt\/122517\/"},"modified":"2025-10-23T03:09:19","modified_gmt":"2025-10-23T03:09:19","slug":"se-continuar-assim-podera-ganhar-a-bola-de-ouro-no-proximo-ano","status":"publish","type":"post","link":"https:\/\/www.europesays.com\/pt\/122517\/","title":{"rendered":"\u00abSe continuar assim, poder\u00e1 ganhar a Bola de Ouro no pr\u00f3ximo ano\u00bb"},"content":{"rendered":"<p>&#8211; Advertisement &#8211;<\/p>\n<p><strong>Lothar Matthaus destacou a polival\u00eancia de Harry Kane e elegeu o avan\u00e7ado ingl\u00eas como o melhor do mundo na atualidade.<\/strong><\/p>\n<p>Lothar Matth\u00e4us mostrou-se rendido a <a href=\"https:\/\/bolanarede.pt\/etiqueta\/harry-kane\/\" target=\"_blank\" rel=\"noreferrer noopener nofollow\">Harry Kane<\/a>, ap\u00f3s o excelente in\u00edcio de temporada do avan\u00e7ado ingl\u00eas. A antiga lenda dos b\u00e1varos destacou a polival\u00eancia do ponta-de-lan\u00e7a de 32 anos:<\/p>\n<p>\u00abN\u00e3o vejo nenhum avan\u00e7ado melhor no mundo neste momento. N\u00e3o s\u00f3 pelos golos que marca, mas tamb\u00e9m pela sua versatilidade e posi\u00e7\u00f5es que ocupa. Kane demonstra qualidades no drible e no desarme. \u00c9 um goleador, um criador de jogadas, um jogador de \u00e1rea a \u00e1rea e um defesa, tudo ao mesmo tempo\u00bb.<\/p>\n<p>Lothar Matthaus considera que Harry Kane pode vencer a pr\u00f3xima Bola de Ouro:<\/p>\n<p>\u00abQuando se analisa as exibi\u00e7\u00f5es de Kane, pergunta-se por que raz\u00e3o foi apenas o 13.\u00ba classificado na Bola de Ouro. Se continuar assim, poder\u00e1 ganhar no pr\u00f3ximo ano, mas isso s\u00f3 ser\u00e1 poss\u00edvel em conjunto com o sucesso da equipa\u00bb.<\/p>\n<p>O antigo m\u00e9dio alem\u00e3o comparou Harry Kane a Erling Haaland e Kylian Mbapp\u00e9:<\/p>\n<p>\u00abNunca vi\u00a0Haaland\u00a0e\u00a0Mbapp\u00e9\u00a0deslizarem na sua pr\u00f3pria \u00e1rea como Kane fez aos 88 minutos frente ao Dortmund. Tamb\u00e9m n\u00e3o se v\u00ea\u00a0Haaland\u00a0e Mbapp\u00e9 a fazerem passes de 50 metros ou mais\u00bb.<\/p>\n","protected":false},"excerpt":{"rendered":"&#8211; Advertisement &#8211; Lothar Matthaus destacou a polival\u00eancia de Harry Kane e elegeu o avan\u00e7ado ingl\u00eas como o&hellip;\n","protected":false},"author":2,"featured_media":122518,"comment_status":"","ping_status":"","sticky":false,"template":"","format":"standard","meta":{"footnotes":""},"categories":[87],"tags":[260,2438,1848,135,23557,28371,32,33,134],"class_list":{"0":"post-122517","1":"post","2":"type-post","3":"status-publish","4":"format-standard","5":"has-post-thumbnail","7":"category-desporto","8":"tag-atualidade","9":"tag-bayern-munique","10":"tag-bundesliga","11":"tag-desporto","12":"tag-harry-kane","13":"tag-lothar-matthaus","14":"tag-portugal","15":"tag-pt","16":"tag-sports"},"share_on_mastodon":{"url":"https:\/\/pubeurope.com\/@pt\/115421286436132481","error":""},"_links":{"self":[{"href":"https:\/\/www.europesays.com\/pt\/wp-json\/wp\/v2\/posts\/122517","targetHints":{"allow":["GET"]}}],"collection":[{"href":"https:\/\/www.europesays.com\/pt\/wp-json\/wp\/v2\/posts"}],"about":[{"href":"https:\/\/www.europesays.com\/pt\/wp-json\/wp\/v2\/types\/post"}],"author":[{"embeddable":true,"href":"https:\/\/www.europesays.com\/pt\/wp-json\/wp\/v2\/users\/2"}],"replies":[{"embeddable":true,"href":"https:\/\/www.europesays.com\/pt\/wp-json\/wp\/v2\/comments?post=122517"}],"version-history":[{"count":0,"href":"https:\/\/www.europesays.com\/pt\/wp-json\/wp\/v2\/posts\/122517\/revisions"}],"wp:featuredmedia":[{"embeddable":true,"href":"https:\/\/www.europesays.com\/pt\/wp-json\/wp\/v2\/media\/122518"}],"wp:attachment":[{"href":"https:\/\/www.europesays.com\/pt\/wp-json\/wp\/v2\/media?parent=122517"}],"wp:term":[{"taxonomy":"category","embeddable":true,"href":"https:\/\/www.europesays.com\/pt\/wp-json\/wp\/v2\/categories?post=122517"},{"taxonomy":"post_tag","embeddable":true,"href":"https:\/\/www.europesays.com\/pt\/wp-json\/wp\/v2\/tags?post=122517"}],"curies":[{"name":"wp","href":"https:\/\/api.w.org\/{rel}","templated":true}]}}