{"id":122519,"date":"2025-10-23T03:13:16","date_gmt":"2025-10-23T03:13:16","guid":{"rendered":"https:\/\/www.europesays.com\/pt\/122519\/"},"modified":"2025-10-23T03:13:16","modified_gmt":"2025-10-23T03:13:16","slug":"concelho-com-maior-poder-de-compra-em-portugal","status":"publish","type":"post","link":"https:\/\/www.europesays.com\/pt\/122519\/","title":{"rendered":"Concelho com Maior Poder de Compra em Portugal"},"content":{"rendered":"<p>Oeiras passou a ser o concelho portugu\u00eas com maior poder de compra per capita, ultrapassando Lisboa e assumindo a lideran\u00e7a do ranking nacional, segundo o estudo <strong>Purchasing Power Europe 2025<\/strong> da <strong>GfK\/NIQ Geomarketing<\/strong>. <\/p>\n<p>Com um rendimento m\u00e9dio dispon\u00edvel de <strong>26.863 euros por habitante<\/strong>, Oeiras supera ligeiramente a capital, que surge este ano em segundo lugar, com <strong>26.161 euros<\/strong>. Seguem-se Cascais, Alcochete e Vila do Porto, todos acima dos 22 mil euros anuais por pessoa. Porto, Coimbra e Mafra mant\u00eam-se entre os dez concelhos com maior poder de compra, todos acima dos 20 mil euros per capita, acrescenta o estudo.<\/p>\n<p>No outro extremo, munic\u00edpios do interior, como Vinhais e Benavente, continuam muito abaixo da m\u00e9dia nacional, refletindo o persistente fosso entre litoral e interior.<\/p>\n<p>Apesar de Portugal ter descido uma posi\u00e7\u00e3o no ranking europeu \u2014 ocupando agora o <strong>22.\u00ba lugar entre 42 pa\u00edses<\/strong> \u2014, o poder de compra m\u00e9dio dos portugueses <strong>aumentou 15,7%<\/strong> face ao ano anterior, atingindo <strong>16.943 euros per capita<\/strong>. <\/p>\n<p>O estudo aponta para uma recupera\u00e7\u00e3o do consumo e dos rendimentos, impulsionada pela estabiliza\u00e7\u00e3o da economia e pela descida gradual da infla\u00e7\u00e3o, prevista para <strong>2,3% em 2025<\/strong>. <\/p>\n<p>No entanto, os elevados custos de habita\u00e7\u00e3o, energia e alimenta\u00e7\u00e3o continuam a limitar o poder de compra real das fam\u00edlias. \u201c<strong>O avan\u00e7o face \u00e0 m\u00e9dia europeia continua limitado, refletindo os desafios estruturais da economia portuguesa<\/strong>\u201d, sublinha Ant\u00f3nio Salvador, diretor-geral da GfK\/NIQ em Portugal, citado em comunicado.<\/p>\n<p>Quando comparado com o resto da Europa, Portugal mant\u00e9m-se <strong>abaixo da m\u00e9dia europeia de 20.291 euros por habitante<\/strong>. O contraste \u00e9 expressivo face aos pa\u00edses mais ricos do continente: o <strong>Liechtenstein<\/strong> lidera com 71.130 euros per capita, seguido da <strong>Su\u00ed\u00e7a<\/strong> (53.011 euros) e do <strong>Luxemburgo<\/strong> (38.929 euros). No extremo oposto, <strong>Kosovo, Bielorr\u00fassia e Ucr\u00e2nia<\/strong> registam os valores mais baixos. <\/p>\n<p>Ainda assim, o estudo identifica uma tend\u00eancia de <strong>converg\u00eancia econ\u00f3mica gradual<\/strong> entre as economias europeias, com v\u00e1rias regi\u00f5es da Europa Central e de Leste a crescerem acima da m\u00e9dia, aproximando-se lentamente dos n\u00edveis de rendimento do Ocidente.<\/p>\n","protected":false},"excerpt":{"rendered":"Oeiras passou a ser o concelho portugu\u00eas com maior poder de compra per capita, ultrapassando Lisboa e assumindo&hellip;\n","protected":false},"author":2,"featured_media":122520,"comment_status":"","ping_status":"","sticky":false,"template":"","format":"standard","meta":{"footnotes":""},"categories":[83],"tags":[88,89,90,1347,5663,28372,32,33],"class_list":{"0":"post-122519","1":"post","2":"type-post","3":"status-publish","4":"format-standard","5":"has-post-thumbnail","7":"category-empresas","8":"tag-business","9":"tag-economy","10":"tag-empresas","11":"tag-estudo","12":"tag-oeiras","13":"tag-poder-de-compra","14":"tag-portugal","15":"tag-pt"},"share_on_mastodon":{"url":"https:\/\/pubeurope.com\/@pt\/115421302158919157","error":""},"_links":{"self":[{"href":"https:\/\/www.europesays.com\/pt\/wp-json\/wp\/v2\/posts\/122519","targetHints":{"allow":["GET"]}}],"collection":[{"href":"https:\/\/www.europesays.com\/pt\/wp-json\/wp\/v2\/posts"}],"about":[{"href":"https:\/\/www.europesays.com\/pt\/wp-json\/wp\/v2\/types\/post"}],"author":[{"embeddable":true,"href":"https:\/\/www.europesays.com\/pt\/wp-json\/wp\/v2\/users\/2"}],"replies":[{"embeddable":true,"href":"https:\/\/www.europesays.com\/pt\/wp-json\/wp\/v2\/comments?post=122519"}],"version-history":[{"count":0,"href":"https:\/\/www.europesays.com\/pt\/wp-json\/wp\/v2\/posts\/122519\/revisions"}],"wp:featuredmedia":[{"embeddable":true,"href":"https:\/\/www.europesays.com\/pt\/wp-json\/wp\/v2\/media\/122520"}],"wp:attachment":[{"href":"https:\/\/www.europesays.com\/pt\/wp-json\/wp\/v2\/media?parent=122519"}],"wp:term":[{"taxonomy":"category","embeddable":true,"href":"https:\/\/www.europesays.com\/pt\/wp-json\/wp\/v2\/categories?post=122519"},{"taxonomy":"post_tag","embeddable":true,"href":"https:\/\/www.europesays.com\/pt\/wp-json\/wp\/v2\/tags?post=122519"}],"curies":[{"name":"wp","href":"https:\/\/api.w.org\/{rel}","templated":true}]}}