{"id":122527,"date":"2025-10-23T03:20:22","date_gmt":"2025-10-23T03:20:22","guid":{"rendered":"https:\/\/www.europesays.com\/pt\/122527\/"},"modified":"2025-10-23T03:20:22","modified_gmt":"2025-10-23T03:20:22","slug":"rainha-da-sucata-vai-substituir-a-viagem-no-vale-a-pena-ver-de-novo-saiba-quando-sera-a-estreia","status":"publish","type":"post","link":"https:\/\/www.europesays.com\/pt\/122527\/","title":{"rendered":"&#8216;Rainha da sucata&#8217; vai substituir &#8216;A viagem&#8217; no Vale a Pena Ver de Novo. Saiba quando ser\u00e1 a estreia"},"content":{"rendered":"\n<p class=\" content-text__container theme-color-primary-first-letter\" data-track-category=\"Link no Texto\" data-track-links=\"\"> A novela \u201c<a class=\"\" href=\"https:\/\/oglobo.globo.com\/tudo-sobre\/novela\/rainha-da-sucata\" rel=\"nofollow noopener\" target=\"_blank\">Rainha da Sucata<\/a>\u201d vai substituir \u201c<a class=\"\" href=\"https:\/\/oglobo.globo.com\/tudo-sobre\/novela\/a-viagem\" rel=\"nofollow noopener\" target=\"_blank\">A Viagem<\/a>\u201d no Vale a Pena Ver de Novo a partir do dia 3 de novembro. Escrita por Silvio de Abreu e com dire\u00e7\u00e3o de <a class=\"\" href=\"https:\/\/oglobo.globo.com\/tudo-sobre\/personalidade\/jorge-fernando\" rel=\"nofollow noopener\" target=\"_blank\">Jorge Fernando<\/a>, a trama foi exibida originalmente em 1990. <\/p>\n<ul class=\"content-unordered-list\">\n<li><strong>Entrevista:<\/strong> <a class=\"\" href=\"https:\/\/oglobo.globo.com\/play\/entrevistas\/noticia\/2025\/10\/22\/juan-jullian-fala-de-sua-primeira-novela-como-autor-titular-na-globo-conto-de-fadas-contemporaneo.ghtml\" rel=\"nofollow noopener\" target=\"_blank\">Juan Jullian fala de sua primeira novela como autor titular na Globo: &#8216;Conto de fadas contempor\u00e2neo&#8217;<\/a><\/li>\n<li><strong>E mais:<\/strong> <a class=\"\" href=\"https:\/\/oglobo.globo.com\/play\/novelas\/noticia\/2025\/10\/22\/novela-vertical-da-globo-com-jade-picon-tem-previsao-para-ser-gravada.ghtml\" rel=\"nofollow noopener\" target=\"_blank\">Novela vertical da Globo com Jade Picon tem previs\u00e3o para ser gravada<\/a><\/li>\n<\/ul>\n<p class=\" content-text__container \" data-track-category=\"Link no Texto\" data-track-links=\"\"> A hist\u00f3ria acompanha a emergente Maria do Carmo (<a class=\"\" href=\"https:\/\/oglobo.globo.com\/tudo-sobre\/personalidade\/regina-duarte\" rel=\"nofollow noopener\" target=\"_blank\">Regina Duarte<\/a>), que enriqueceu com os neg\u00f3cios do pai, o vendedor de ferro-velho Onofre (<a class=\"\" href=\"https:\/\/oglobo.globo.com\/tudo-sobre\/personalidade\/lima-duarte\" rel=\"nofollow noopener\" target=\"_blank\">Lima Duarte<\/a>), e se tornou uma empres\u00e1ria bem-sucedida. Seu maior sonho \u00e9 entrar para a alta sociedade paulistana. <\/p>\n<p class=\" content-text__container \" data-track-category=\"Link no Texto\" data-track-links=\"\"> Ela, ent\u00e3o, acaba reencontrando Edu (<a class=\"\" href=\"https:\/\/oglobo.globo.com\/tudo-sobre\/personalidade\/tony-ramos\" rel=\"nofollow noopener\" target=\"_blank\">Tony Ramos<\/a>), um playboy que a humilhava no col\u00e9gio e que enfrenta a fal\u00eancia ao lado da tradicional fam\u00edlia Albuquerque Figueroa. A protagonista, ent\u00e3o, enxerga uma oportunidade de se vingar: prop\u00f5e a ele um casamento de conveni\u00eancia. A ideia \u00e9 que ela banque a fam\u00edlia em troca de fazer parte da high society. <\/p>\n<p class=\" content-text__container \" data-track-category=\"Link no Texto\" data-track-links=\"\"> Maria passa a viver no casar\u00e3o dos Figueroa, nos Jardins, em S\u00e3o Paulo. L\u00e1, a elegante e ardilosa Laurinha (<a class=\"\" href=\"https:\/\/oglobo.globo.com\/tudo-sobre\/personalidade\/gloria-menezes\" rel=\"nofollow noopener\" target=\"_blank\">Gl\u00f3ria Menezes<\/a>), madrasta de Edu, persegue e menospreza Maria do Carmo, tornando sua vida um inferno. <\/p>\n<ul class=\"content-unordered-list\">\n<li><strong>TV e famosos:<\/strong> <a class=\"\" href=\"https:\/\/www.whatsapp.com\/channel\/0029Va3JQfiDTkJwvhCFGq1r\" target=\"_blank\" rel=\"nofollow noopener\">se inscreva no canal da coluna Play no WhatsApp<\/a><\/li>\n<\/ul>\n<p class=\" content-text__container \" data-track-category=\"Link no Texto\" data-track-links=\"\"> O elenco re\u00fane ainda <a class=\"\" href=\"https:\/\/oglobo.globo.com\/tudo-sobre\/personalidade\/aracy-balabanian\" rel=\"nofollow noopener\" target=\"_blank\">Aracy Balabanian<\/a>, Lima Duarte, <a class=\"\" href=\"https:\/\/oglobo.globo.com\/tudo-sobre\/personalidade\/nicette-bruno\" rel=\"nofollow noopener\" target=\"_blank\">Nicette Bruno<\/a>, <a class=\"\" href=\"https:\/\/oglobo.globo.com\/tudo-sobre\/personalidade\/antonio-fagundes\/\" rel=\"nofollow noopener\" target=\"_blank\">Antonio Fagundes<\/a>, <a class=\"\" href=\"https:\/\/oglobo.globo.com\/tudo-sobre\/personalidade\/renata-sorrah\" rel=\"nofollow noopener\" target=\"_blank\">Renata Sorrah<\/a>, Raul Cortez, <a class=\"\" href=\"https:\/\/oglobo.globo.com\/tudo-sobre\/personalidade\/claudia-raia\" rel=\"nofollow noopener\" target=\"_blank\">Claudia Raia<\/a>, <a class=\"\" href=\"https:\/\/oglobo.globo.com\/tudo-sobre\/personalidade\/marisa-orth\" rel=\"nofollow noopener\" target=\"_blank\">Marisa Orth<\/a>, <a class=\"\" href=\"https:\/\/oglobo.globo.com\/tudo-sobre\/personalidade\/andrea-beltrao\/\" rel=\"nofollow noopener\" target=\"_blank\">Andr\u00e9a Beltr\u00e3o<\/a>, <a class=\"\" href=\"https:\/\/oglobo.globo.com\/tudo-sobre\/personalidade\/patricia-pillar\" rel=\"nofollow noopener\" target=\"_blank\">Patr\u00edcia Pillar<\/a> e <a class=\"\" href=\"https:\/\/oglobo.globo.com\/tudo-sobre\/personalidade\/daniel-filho\" rel=\"nofollow noopener\" target=\"_blank\">Daniel Filho<\/a>, entre outros. <\/p>\n<p>    Por onde andam os atores sumidos de &#8216;Rainha da sucata&#8217;           <img decoding=\"async\" id=\"image-id-tumb-b9d53ace-c441-4388-8e9c-b826398dd0bc\" alt=\"Aldine M\u00fcller interpretou \u00c2ngela Martins em 'Rainha da sucata'. Atualmente, ela apresenta um podcast em que conversa com personalidades no YouTube. Sua \u00faltima novela foi 'Chiquititas', entre 2013 e 2015 \u2014 Foto: Irineu Barreto \/ Ag\u00eancia O Globo e Reprodu\u00e7\u00e3o\/Instagram\" src=\"https:\/\/www.europesays.com\/pt\/wp-content\/uploads\/2025\/10\/design-sem-nome-76-.jpg\" loading=\"lazy\" height=\"1600\" width=\"2000\" data-posicao=\"1\" role=\"button\" tabindex=\"0\"\/>    <img decoding=\"async\" id=\"image-id-b9d53ace-c441-4388-8e9c-b826398dd0bc\" class=\"gallery-photo\" alt=\"Aldine M\u00fcller interpretou \u00c2ngela Martins em 'Rainha da sucata'. Atualmente, ela apresenta um podcast em que conversa com personalidades no YouTube. Sua \u00faltima novela foi 'Chiquititas', entre 2013 e 2015 \u2014 Foto: Irineu Barreto \/ Ag\u00eancia O Globo e Reprodu\u00e7\u00e3o\/Instagram\" src=\"https:\/\/www.europesays.com\/pt\/wp-content\/uploads\/2025\/10\/1761189617_453_design-sem-nome-76-.jpg\" loading=\"lazy\" height=\"1600\" width=\"2000\"\/>  <\/p>\n<p> 1 de 6 <br \/>&#13;Aldine M\u00fcller interpretou \u00c2ngela Martins em &#8216;Rainha da sucata&#8217;. Atualmente, ela apresenta um podcast em que conversa com personalidades no YouTube. Sua \u00faltima novela foi &#8216;Chiquititas&#8217;, entre 2013 e 2015 \u2014 Foto: Irineu Barreto \/ Ag\u00eancia O Globo e Reprodu\u00e7\u00e3o\/Instagram <\/p>\n<p>     <img decoding=\"async\" id=\"image-id-tumb-34ef8d8b-197a-4ec8-bd3c-cdd2896a22a5\" alt=\"Paulo Guarnieri interpretou o S\u00e9rgio em 'Rainha da sucata'. Atualmente, ele mora em Portugal com a mulher, Herika, e a filha ca\u00e7ula, Camila . Ele tamb\u00e9m \u00e9 dono de uma pousada em Paraty e administra o local remotamente de Portugal \u2014 Foto: Reprodu\u00e7\u00e3o\" src=\"https:\/\/www.europesays.com\/pt\/wp-content\/uploads\/2025\/10\/design-sem-nome-73-.jpg\" loading=\"lazy\" height=\"1600\" width=\"2000\" data-posicao=\"2\" role=\"button\" tabindex=\"0\"\/>    <img decoding=\"async\" id=\"image-id-34ef8d8b-197a-4ec8-bd3c-cdd2896a22a5\" class=\"gallery-photo\" alt=\"Paulo Guarnieri interpretou o S\u00e9rgio em 'Rainha da sucata'. Atualmente, ele mora em Portugal com a mulher, Herika, e a filha ca\u00e7ula, Camila . Ele tamb\u00e9m \u00e9 dono de uma pousada em Paraty e administra o local remotamente de Portugal \u2014 Foto: Reprodu\u00e7\u00e3o\" src=\"https:\/\/www.europesays.com\/pt\/wp-content\/uploads\/2025\/10\/1761189618_910_design-sem-nome-73-.jpg\" loading=\"lazy\" height=\"1600\" width=\"2000\"\/>  <\/p>\n<p> 2 de 6 <br \/>&#13;Paulo Guarnieri interpretou o S\u00e9rgio em &#8216;Rainha da sucata&#8217;. Atualmente, ele mora em Portugal com a mulher, Herika, e a filha ca\u00e7ula, Camila . Ele tamb\u00e9m \u00e9 dono de uma pousada em Paraty e administra o local remotamente de Portugal \u2014 Foto: Reprodu\u00e7\u00e3o <\/p>\n<p>       <img decoding=\"async\" id=\"image-id-tumb-c04d978e-5f20-410c-a5f0-82d5659acd1d\" alt=\"Gerson Brenner interpretava Gerson Giovanni em 'Rainha da sucata'. H\u00e1 26 anos, ele foi baleado ao sofrer um assalto e ficou com sequelas permanentes, como dificuldades de fala, perda de cogni\u00e7\u00e3o e motricidade \u2014 Foto: Globo e Reprodu\u00e7\u00e3o\/Instagram\" src=\"https:\/\/www.europesays.com\/pt\/wp-content\/uploads\/2025\/10\/design-sem-nome-67-.jpg\" loading=\"lazy\" height=\"1600\" width=\"2000\" data-posicao=\"3\" role=\"button\" tabindex=\"0\"\/>    <img decoding=\"async\" id=\"image-id-c04d978e-5f20-410c-a5f0-82d5659acd1d\" class=\"gallery-photo\" alt=\"Gerson Brenner interpretava Gerson Giovanni em 'Rainha da sucata'. H\u00e1 26 anos, ele foi baleado ao sofrer um assalto e ficou com sequelas permanentes, como dificuldades de fala, perda de cogni\u00e7\u00e3o e motricidade \u2014 Foto: Globo e Reprodu\u00e7\u00e3o\/Instagram\" src=\"https:\/\/www.europesays.com\/pt\/wp-content\/uploads\/2025\/10\/1761189620_632_design-sem-nome-67-.jpg\" loading=\"lazy\" height=\"1600\" width=\"2000\"\/>  <\/p>\n<p> 3 de 6 <br \/>&#13;Gerson Brenner interpretava Gerson Giovanni em &#8216;Rainha da sucata&#8217;. H\u00e1 26 anos, ele foi baleado ao sofrer um assalto e ficou com sequelas permanentes, como dificuldades de fala, perda de cogni\u00e7\u00e3o e motricidade \u2014 Foto: Globo e Reprodu\u00e7\u00e3o\/Instagram <\/p>\n<p>      <img decoding=\"async\" id=\"image-id-062c3db5-9526-43c5-ba51-d8d239b036a2\" class=\"gallery-photo\" alt=\"Monica Torres interpretou Guida Vianna. Sua \u00faltima novela foi 'Apocalipse', da Record, em 2017. Em 2025, ela estar\u00e1 em 'Beleza fatal', da Max \u2014 Foto: Reprodu\u00e7\u00e3o\/Instagram\" src=\"https:\/\/www.europesays.com\/pt\/wp-content\/uploads\/2025\/10\/design-sem-nome-70-.jpg\" loading=\"lazy\" height=\"1600\" width=\"2000\"\/>  <\/p>\n<p> 4 de 6 <br \/>&#13;Monica Torres interpretou Guida Vianna. Sua \u00faltima novela foi &#8216;Apocalipse&#8217;, da Record, em 2017. Em 2025, ela estar\u00e1 em &#8216;Beleza fatal&#8217;, da Max \u2014 Foto: Reprodu\u00e7\u00e3o\/Instagram <\/p>\n<p>       <img decoding=\"async\" id=\"image-id-4fba4b98-f44f-4e6c-bbdf-6f448abd4a6d\" class=\"gallery-photo\" alt=\"Maur\u00edcio Mattar, que viveu o personagem Rafael, atualmente \u00e9 propriet\u00e1rio de um haras em Minas Gerais, onde mora com a fam\u00edlia. Ele se dedica \u00e0 cria\u00e7\u00e3o de cavalos e gado e tamb\u00e9m \u00e0 carreira musical \u2014 Foto: Globo e Reprodu\u00e7\u00e3o\/Instagram\" src=\"https:\/\/www.europesays.com\/pt\/wp-content\/uploads\/2025\/10\/design-sem-nome-68-.jpg\" loading=\"lazy\" height=\"1600\" width=\"2000\"\/>  <\/p>\n<p> 5 de 6 <br \/>&#13;Maur\u00edcio Mattar, que viveu o personagem Rafael, atualmente \u00e9 propriet\u00e1rio de um haras em Minas Gerais, onde mora com a fam\u00edlia. Ele se dedica \u00e0 cria\u00e7\u00e3o de cavalos e gado e tamb\u00e9m \u00e0 carreira musical \u2014 Foto: Globo e Reprodu\u00e7\u00e3o\/Instagram <\/p>\n<p>      <img decoding=\"async\" id=\"image-id-724d4926-962d-4544-a03a-1c9069585c15\" class=\"gallery-photo\" alt=\"Daniel Filho viveu Renato Maia em 'Rainha da sucata'. Aos 86 anos, ele segue trabalhando como diretor \u2014 Foto: Globo e Reprodu\u00e7\u00e3o\/Instagram\" src=\"https:\/\/www.europesays.com\/pt\/wp-content\/uploads\/2025\/10\/design-sem-nome-69-.jpg\" loading=\"lazy\" height=\"1600\" width=\"2000\"\/>  <\/p>\n<p> 6 de 6 <br \/>&#13;Daniel Filho viveu Renato Maia em &#8216;Rainha da sucata&#8217;. Aos 86 anos, ele segue trabalhando como diretor \u2014 Foto: Globo e Reprodu\u00e7\u00e3o\/Instagram <\/p>\n<p>Novela voltar\u00e1 ao canal Viva em novembro de 2024<\/p>\n","protected":false},"excerpt":{"rendered":"A novela \u201cRainha da Sucata\u201d vai substituir \u201cA Viagem\u201d no Vale a Pena Ver de Novo a partir&hellip;\n","protected":false},"author":2,"featured_media":13210,"comment_status":"","ping_status":"","sticky":false,"template":"","format":"standard","meta":{"footnotes":""},"categories":[142],"tags":[2872,8447,14885,28374,1244,813,28373,4517,28378,114,115,28336,6905,8251,28376,28375,28377,32,33,28335,8067,25699,679,6463,151,2323],"class_list":{"0":"post-122527","1":"post","2":"type-post","3":"status-publish","4":"format-standard","5":"has-post-thumbnail","7":"category-tv","8":"tag-a-viagem","9":"tag-andrea-beltrao","10":"tag-antonio-fagundes","11":"tag-aracy-balabanian","12":"tag-ator","13":"tag-atriz","14":"tag-atriz-e-secretaria-de-cultura-no-governo-bolsonaro","15":"tag-claudia-raia","16":"tag-daniel-filho","17":"tag-entertainment","18":"tag-entretenimento","19":"tag-gloria-menezes","20":"tag-jorge-fernando","21":"tag-lima-duarte","22":"tag-marisa-orth","23":"tag-nicette-bruno","24":"tag-patricia-pillar","25":"tag-portugal","26":"tag-pt","27":"tag-rainha-da-sucata","28":"tag-regina-duarte","29":"tag-renata-sorrah","30":"tag-reportagem","31":"tag-tony-ramos","32":"tag-tv","33":"tag-tv-globo"},"share_on_mastodon":{"url":"https:\/\/pubeurope.com\/@pt\/115421329872064342","error":""},"_links":{"self":[{"href":"https:\/\/www.europesays.com\/pt\/wp-json\/wp\/v2\/posts\/122527","targetHints":{"allow":["GET"]}}],"collection":[{"href":"https:\/\/www.europesays.com\/pt\/wp-json\/wp\/v2\/posts"}],"about":[{"href":"https:\/\/www.europesays.com\/pt\/wp-json\/wp\/v2\/types\/post"}],"author":[{"embeddable":true,"href":"https:\/\/www.europesays.com\/pt\/wp-json\/wp\/v2\/users\/2"}],"replies":[{"embeddable":true,"href":"https:\/\/www.europesays.com\/pt\/wp-json\/wp\/v2\/comments?post=122527"}],"version-history":[{"count":0,"href":"https:\/\/www.europesays.com\/pt\/wp-json\/wp\/v2\/posts\/122527\/revisions"}],"wp:featuredmedia":[{"embeddable":true,"href":"https:\/\/www.europesays.com\/pt\/wp-json\/wp\/v2\/media\/13210"}],"wp:attachment":[{"href":"https:\/\/www.europesays.com\/pt\/wp-json\/wp\/v2\/media?parent=122527"}],"wp:term":[{"taxonomy":"category","embeddable":true,"href":"https:\/\/www.europesays.com\/pt\/wp-json\/wp\/v2\/categories?post=122527"},{"taxonomy":"post_tag","embeddable":true,"href":"https:\/\/www.europesays.com\/pt\/wp-json\/wp\/v2\/tags?post=122527"}],"curies":[{"name":"wp","href":"https:\/\/api.w.org\/{rel}","templated":true}]}}