{"id":122542,"date":"2025-10-23T03:34:25","date_gmt":"2025-10-23T03:34:25","guid":{"rendered":"https:\/\/www.europesays.com\/pt\/122542\/"},"modified":"2025-10-23T03:34:25","modified_gmt":"2025-10-23T03:34:25","slug":"barbara-parada-apresentou-queixa-crime-apos-meses-de-perseguicoes-e-ameacas-escolho-libertar-me-secret-story","status":"publish","type":"post","link":"https:\/\/www.europesays.com\/pt\/122542\/","title":{"rendered":"B\u00e1rbara Parada apresentou queixa-crime ap\u00f3s meses de persegui\u00e7\u00f5es e amea\u00e7as: \u00abEscolho libertar-me\u00bb &#8211; Secret Story"},"content":{"rendered":"<p data-end=\"940\" data-start=\"637\"><a href=\"https:\/\/tvi.iol.pt\/secretstory\/francisco-monteiro\/barabara-parada\/barbara-parada-deixa-francisco-monteiro-e-parte-para-a-turquia\" rel=\"nofollow noopener\" target=\"_blank\"><strong>B\u00e1rbara Parada<\/strong><\/a> decidiu p\u00f4r um ponto final ao sil\u00eancio. Atrav\u00e9s da rede social X (anterior Twitter), a influenciadora e ex-concorrente do Big Brother <strong>anunciou que apresentou queixa-crime na pol\u00edcia, depois de meses a lidar com persegui\u00e7\u00f5es, insultos, difama\u00e7\u00f5es e amea\u00e7as recebidas nas redes sociais, como alega.<\/strong><\/p>\n<p data-end=\"1551\" data-start=\"942\">A jovem contou que, durante muito tempo, tentou n\u00e3o reagir. \u00abDurante muito tempo mantive-me em sil\u00eancio. Achei que o tempo, a verdade e o meu car\u00e1ter falariam por si. Mas o que vivi neste \u00faltimo ano ultrapassou todos os limites\u00bb, come\u00e7ou por desabafar.<\/p>\n<p data-end=\"1551\" data-start=\"942\">Segundo B\u00e1rbara,<a href=\"https:\/\/tvi.iol.pt\/secretstory\/barbara-parada\/francisco-monteiro\/barbara-parada-e-francisco-monteiro-vivem-reencontro-apaixonado-no-regresso-da-jovem-a-portugal\" rel=\"nofollow noopener\" target=\"_blank\"> <\/a><strong><a href=\"https:\/\/tvi.iol.pt\/secretstory\/barbara-parada\/francisco-monteiro\/barbara-parada-e-francisco-monteiro-vivem-reencontro-apaixonado-no-regresso-da-jovem-a-portugal\" rel=\"nofollow noopener\" target=\"_blank\">tudo come\u00e7ou ap\u00f3s o in\u00edcio da sua rela\u00e7\u00e3o amorosa com Francisco Monteiro <\/a>(veja as fotografias na galeria acima)<\/strong>: \u00abDesde que iniciei a minha rela\u00e7\u00e3o fui alvo de persegui\u00e7\u00f5es, insultos, difama\u00e7\u00f5es e amea\u00e7as vindas de contas criadas apenas para me magoar. Passei meses a ser o bobo da corte, enquanto muitos, de v\u00e1rios meios, riam sem imaginarem o impacto real que isto teve em mim e na minha fam\u00edlia\u00bb.<\/p>\n<p data-end=\"1958\" data-start=\"1553\">A influenciadora explicou que as \u00abnarrativas completamente ilus\u00f3rias e alimentadas\u00bb fizeram com que se espalhasse \u00f3dio sobre si \u201cdo nada\u201d. E acrescentou: \u00ab<strong>Foram alimentadas por quem tem interesse em manter viva uma hist\u00f3ria que j\u00e1 acabou e por quem vive disso: de manipular, incentivar, rir e gozar com a burra (eu) que estava em casa calada. \u00c9 assim que \u201caparecem\u201d. Durante este tempo todo! De loucos\u00bb.<\/strong><\/p>\n<p data-end=\"2451\" data-start=\"1960\">O ponto de rutura chegou num dia que devia ser de celebra\u00e7\u00e3o: \u00abNo dia dos meus 24 anos, onde devia estar feliz e a festejar, passei-o cheia de ansiedade e percebi que j\u00e1 n\u00e3o podia continuar a normalizar persegui\u00e7\u00f5es e amea\u00e7as\u00bb, revelou. Foi nesse momento que decidiu agir: \u00abNo dia seguinte fui \u00e0 pol\u00edcia, apresentei queixa-crime e, depois de meses, hoje tive resposta. <strong>As contas envolvidas j\u00e1 foram identificadas e o processo vai seguir o seu curso. Escusam de apagar agora, tarde demais\u00bb.<\/strong><\/p>\n<p data-end=\"2961\" data-start=\"2453\">Determinada, B\u00e1rbara garantiu que n\u00e3o vai continuar a aceitar comportamentos que considera abusivos: \u00abN\u00e3o vou continuar a aceitar que a maldade gratuita se torne normal. O sil\u00eancio foi a minha escolha, bem\u2026 n\u00e3o foi a minha escolha porque tenho imensos comunicados aqui guardados nas notas, mas como estou bem rodeada, sempre me disseram: \u201cNunca lutes com um porco: ficas todo sujo e, ainda por cima, o porco gosta\u201d. Nunca precisei de alimentar pol\u00e9micas e muito menos vivo disto, mas agora exijo consequ\u00eancias\u00bb, afirmou.<\/p>\n<p data-end=\"3309\" data-start=\"2963\">Apesar de tudo o que viveu, a ex-concorrente do Big Brother recusou o papel de v\u00edtima: \u00abSei perfeitamente que, no meio de guerras, trag\u00e9dias e pessoas a lutar pela sobreviv\u00eancia, os meus problemas n\u00e3o s\u00e3o os piores do mundo. Mas s\u00e3o a minha realidade. Um acumular de muitas situa\u00e7\u00f5es que abalaram profundamente a minha sa\u00fade mental\u00bb, admitiu.<\/p>\n<p data-end=\"3611\" data-start=\"3311\">No final do desabafo, <strong>B\u00e1rbara Parada mostrou-se aliviada com a decis\u00e3o que tomou: <\/strong>\u00abHoje, mais do que raiva, sinto al\u00edvio. Aprendi que o sil\u00eancio protege, mas tamb\u00e9m aprisiona. E eu escolho libertar-me de quem vive para me ver cair. Quero paz, quero foco e quero continuar a ser fiel a mim pr\u00f3pria.\u00bb<\/p>\n<p data-end=\"3611\" data-start=\"3311\"><strong>Veja aqui o desabafo:<\/strong><\/p>\n","protected":false},"excerpt":{"rendered":"B\u00e1rbara Parada decidiu p\u00f4r um ponto final ao sil\u00eancio. Atrav\u00e9s da rede social X (anterior Twitter), a influenciadora&hellip;\n","protected":false},"author":2,"featured_media":122543,"comment_status":"","ping_status":"","sticky":false,"template":"","format":"standard","meta":{"footnotes":""},"categories":[142],"tags":[2151,18706,114,115,18705,2071,32,33,151,18704],"class_list":{"0":"post-122542","1":"post","2":"type-post","3":"status-publish","4":"format-standard","5":"has-post-thumbnail","7":"category-tv","8":"tag-barbara-parada","9":"tag-bastidores-secret-story","10":"tag-entertainment","11":"tag-entretenimento","12":"tag-entrevistas-concorrentes-tvi","13":"tag-francisco-monteiro","14":"tag-portugal","15":"tag-pt","16":"tag-tv","17":"tag-vida-fora-da-casa"},"share_on_mastodon":{"url":"https:\/\/pubeurope.com\/@pt\/115421384801428978","error":""},"_links":{"self":[{"href":"https:\/\/www.europesays.com\/pt\/wp-json\/wp\/v2\/posts\/122542","targetHints":{"allow":["GET"]}}],"collection":[{"href":"https:\/\/www.europesays.com\/pt\/wp-json\/wp\/v2\/posts"}],"about":[{"href":"https:\/\/www.europesays.com\/pt\/wp-json\/wp\/v2\/types\/post"}],"author":[{"embeddable":true,"href":"https:\/\/www.europesays.com\/pt\/wp-json\/wp\/v2\/users\/2"}],"replies":[{"embeddable":true,"href":"https:\/\/www.europesays.com\/pt\/wp-json\/wp\/v2\/comments?post=122542"}],"version-history":[{"count":0,"href":"https:\/\/www.europesays.com\/pt\/wp-json\/wp\/v2\/posts\/122542\/revisions"}],"wp:featuredmedia":[{"embeddable":true,"href":"https:\/\/www.europesays.com\/pt\/wp-json\/wp\/v2\/media\/122543"}],"wp:attachment":[{"href":"https:\/\/www.europesays.com\/pt\/wp-json\/wp\/v2\/media?parent=122542"}],"wp:term":[{"taxonomy":"category","embeddable":true,"href":"https:\/\/www.europesays.com\/pt\/wp-json\/wp\/v2\/categories?post=122542"},{"taxonomy":"post_tag","embeddable":true,"href":"https:\/\/www.europesays.com\/pt\/wp-json\/wp\/v2\/tags?post=122542"}],"curies":[{"name":"wp","href":"https:\/\/api.w.org\/{rel}","templated":true}]}}