{"id":122551,"date":"2025-10-23T03:43:16","date_gmt":"2025-10-23T03:43:16","guid":{"rendered":"https:\/\/www.europesays.com\/pt\/122551\/"},"modified":"2025-10-23T03:43:16","modified_gmt":"2025-10-23T03:43:16","slug":"rapaz-de-15-anos-que-assassinou-estudante-condenado-a-prisao-perpetua-no-reino-unido","status":"publish","type":"post","link":"https:\/\/www.europesays.com\/pt\/122551\/","title":{"rendered":"Rapaz de 15 anos que assassinou estudante condenado a pris\u00e3o perp\u00e9tua no Reino Unido"},"content":{"rendered":"<p>Um rapaz de 15 anos foi condenado a pris\u00e3o perp\u00e9tua com uma pena m\u00ednima de 16 anos pelo homic\u00eddio de Harvey Willgoose, estudante de Sheffield, tamb\u00e9m de 15 anos, num ataque com uma faca durante a hora de almo\u00e7o em fevereiro.<\/p>\n<p>Mohammed Umar Khan, que p\u00f4de agora ser identificado, levou uma faca de ca\u00e7a de 13 cent\u00edmetros para a escola e usou-a para esfaquear Willgoose duas vezes no peito em frente ao refeit\u00f3rio da Escola Cat\u00f3lica All Saints.<\/p>\n<p>A ju\u00edza do Tribunal de Sheffield disse que os &#8220;atos sem sentido&#8221; de Khan eram consequ\u00eancia de um &#8220;interesse de longa data pelas armas&#8221; e que o homic\u00eddio teve um &#8220;efeito devastador na fam\u00edlia de Harvey&#8221; e que as suas vidas foram &#8220;manchadas pelas suas a\u00e7\u00f5es&#8221;.<\/p>\n<p>A ju\u00edza disse a Khan que ele tinha uma &#8220;incapacidade de longa data de controlar a raiva&#8221;, mencionando tr\u00eas incidentes na escola entre novembro do ano passado e janeiro deste ano, nos quais se tornou zangado e agressivo.<\/p>\n<p>O procurador Richard Thyne KC referiu ainda que, embora Khan n\u00e3o tivesse condena\u00e7\u00f5es anteriores, j\u00e1 tinha levado um machado e uma faca separadamente para o interior da escola e j\u00e1 havia enfrentado Harvey na escola.<\/p>\n<p>A ju\u00edza disse-lhe que Khan iria uma pena m\u00ednima de 16 anos, ao qual se subtrai o tempo passado em pris\u00e3o preventiva, o que equivale a cerca de 15 anos e tr\u00eas meses. Por\u00e9m, o rapaz n\u00e3o demonstrou qualquer emo\u00e7\u00e3o evidente aquando da leitura da senten\u00e7a.<\/p>\n<p>As c\u00e2maras de videovigil\u00e2ncia mostraram Harvey a chegar \u00e0 escola e a manter-se calmo ap\u00f3s o agressor ter tentado provoc\u00e1-lo. O agressor tamb\u00e9m foi visto em imagens a segurar uma faca no refeit\u00f3rio antes do esfaqueamento.<\/p>\n<p>Khan j\u00e1 tinha admitido homic\u00eddio volunt\u00e1rio, mas negado o assassinato. Por\u00e9m, em agosto foi considerado culpado no Tribunal de Sheffield por um veredicto maiorit\u00e1rio de 11 contra um. <\/p>\n<p>Os advogados de defesa alegaram que o rapaz havia &#8220;perdido o controlo&#8221; ap\u00f3s anos a sofrer bullying e &#8220;um per\u00edodo intenso de medo na escola&#8221;.<\/p>\n<p>Em declara\u00e7\u00f5es \u00e0 sa\u00edda do tribunal, a m\u00e3e de Harvey Willgoose, Caroline, disse estar aliviada pelo fim do caso, mas considerou que Khan &#8220;n\u00e3o parece estar arrependido&#8221;.<\/p>\n","protected":false},"excerpt":{"rendered":"Um rapaz de 15 anos foi condenado a pris\u00e3o perp\u00e9tua com uma pena m\u00ednima de 16 anos pelo&hellip;\n","protected":false},"author":2,"featured_media":122552,"comment_status":"","ping_status":"","sticky":false,"template":"","format":"standard","meta":{"footnotes":""},"categories":[50],"tags":[27,28,15,16,28385,14,25,26,21,22,28386,62,12,13,19,20,23,24,713,28384,17,18,29,30,31,63,64,65],"class_list":{"0":"post-122551","1":"post","2":"type-post","3":"status-publish","4":"format-standard","5":"has-post-thumbnail","7":"category-mundo","8":"tag-breaking-news","9":"tag-breakingnews","10":"tag-featured-news","11":"tag-featurednews","12":"tag-harvey-willgoose","13":"tag-headlines","14":"tag-latest-news","15":"tag-latestnews","16":"tag-main-news","17":"tag-mainnews","18":"tag-mohammed-umar-khan","19":"tag-mundo","20":"tag-news","21":"tag-noticias","22":"tag-noticias-principais","23":"tag-noticiasprincipais","24":"tag-principais-noticias","25":"tag-principaisnoticias","26":"tag-reino-unido","27":"tag-sheffield","28":"tag-top-stories","29":"tag-topstories","30":"tag-ultimas","31":"tag-ultimas-noticias","32":"tag-ultimasnoticias","33":"tag-world","34":"tag-world-news","35":"tag-worldnews"},"share_on_mastodon":{"url":"https:\/\/pubeurope.com\/@pt\/115421420131529967","error":""},"_links":{"self":[{"href":"https:\/\/www.europesays.com\/pt\/wp-json\/wp\/v2\/posts\/122551","targetHints":{"allow":["GET"]}}],"collection":[{"href":"https:\/\/www.europesays.com\/pt\/wp-json\/wp\/v2\/posts"}],"about":[{"href":"https:\/\/www.europesays.com\/pt\/wp-json\/wp\/v2\/types\/post"}],"author":[{"embeddable":true,"href":"https:\/\/www.europesays.com\/pt\/wp-json\/wp\/v2\/users\/2"}],"replies":[{"embeddable":true,"href":"https:\/\/www.europesays.com\/pt\/wp-json\/wp\/v2\/comments?post=122551"}],"version-history":[{"count":0,"href":"https:\/\/www.europesays.com\/pt\/wp-json\/wp\/v2\/posts\/122551\/revisions"}],"wp:featuredmedia":[{"embeddable":true,"href":"https:\/\/www.europesays.com\/pt\/wp-json\/wp\/v2\/media\/122552"}],"wp:attachment":[{"href":"https:\/\/www.europesays.com\/pt\/wp-json\/wp\/v2\/media?parent=122551"}],"wp:term":[{"taxonomy":"category","embeddable":true,"href":"https:\/\/www.europesays.com\/pt\/wp-json\/wp\/v2\/categories?post=122551"},{"taxonomy":"post_tag","embeddable":true,"href":"https:\/\/www.europesays.com\/pt\/wp-json\/wp\/v2\/tags?post=122551"}],"curies":[{"name":"wp","href":"https:\/\/api.w.org\/{rel}","templated":true}]}}