{"id":122561,"date":"2025-10-23T03:56:14","date_gmt":"2025-10-23T03:56:14","guid":{"rendered":"https:\/\/www.europesays.com\/pt\/122561\/"},"modified":"2025-10-23T03:56:14","modified_gmt":"2025-10-23T03:56:14","slug":"tenho-dois-filhos-portugueses-um-benfiquista-e-um-portista","status":"publish","type":"post","link":"https:\/\/www.europesays.com\/pt\/122561\/","title":{"rendered":"\u00abTenho dois filhos portugueses, um benfiquista e um portista\u00bb"},"content":{"rendered":"<p>J\u00e1 passaram muitos anos, mas poucos passaram os n\u00fameros de Jardel no futebol portugu\u00eas. 239 golos em 251 jogos por <a class=\"autolink-enabled\" data-resource-id=\"451\" data-resource-type=\"team\" data-sport=\"football\" href=\"https:\/\/www.abola.pt\/futebol\/fc-porto-451\" rel=\"nofollow noopener\" target=\"_blank\">FC Porto<\/a>, <a class=\"autolink-enabled\" data-resource-id=\"448\" data-resource-type=\"team\" data-sport=\"football\" href=\"https:\/\/www.abola.pt\/futebol\/sporting-448\" rel=\"nofollow noopener\" target=\"_blank\">Sporting<\/a> e Beira-Mar.<\/p>\n<p>\u00abNo FC Porto vi que a bola chegava e fiquei tranquilo, dizia s\u00f3 &#8216;coloquem a bola na \u00e1rea que eu resolvo&#8217;. E chegava com Capunho, Drulovic, S\u00e9rgio Concei\u00e7\u00e3o. Nasci para fazer golos, n\u00e3o nasci para jogar bem. Quando me dizem na rua &#8216;jogavas muito&#8217;, eu digo &#8216;quem jogava muito \u00e9 o Ronaldinho Ga\u00facho, Deco&#8217;. Eu fazia golos\u00bb, nota ao Sem Filtros, podcast da Liga Portugal.<\/p>\n<p>\u00abOs est\u00e1dios onde mais gostava de marcar golos eram, obviamente, o Est\u00e1dio do Drag\u00e3o e o Est\u00e1dio Jos\u00e9 Alvalade. FC Porto e Sporting s\u00e3o como dois filhos para mim\u00bb, diz . O avan\u00e7ado confessa que a primeira coisa em que pensa quando pensa em Portugal \u00e9 nos 4 anos no FC Porto.<\/p>\n<p>Tem no curr\u00edculo com quatro t\u00edtulos de campe\u00e3o nacional, tr\u00eas Ta\u00e7as de Portugal e quatro Superta\u00e7as\u00a0e aos 52 anos ainda consegue manter a chama da rivalidade acesa.<\/p>\n<p>\u00abTamb\u00e9m gostava de marcar no Est\u00e1dio da Luz, s\u00f3 para os adeptos do Benfica n\u00e3o ficarem muito tristes\u00bb, diz, entre risos. Certo \u00e9 que, recorda, esteve \u00abperto de vestir a camisola do Benfica por duas vezes\u00bb, uma antes de assinar pelo FC Porto em 1996 e depois em 2000, quando foi promessa eleitoral de Manuel Vilarinho.<\/p>\n<p>\u00abQuando vou a Portugal recebo muito carinho e aqui em Fortaleza h\u00e1 muitos portugueses. Portugal \u00e9 uma casa para mim, tenho dois filhos portugueses, que nasceram no Porto &#8211; um benfiquista e um portista (risos). (&#8230;) At\u00e9 pelos adeptos do Benfica sou acarinhado na rua\u00bb, diz.<\/p>\n<p>Na conversa, Jardel\u00a0aborda ainda a aventura na Turquia, ao servi\u00e7o do Galatasaray [em 2000, entre FC Porto e\u00a0Sporting].<\/p>\n<p><a target=\"_blank\" class=\"editor-link Hyperlink SCXW111132323 BCX8\" href=\"https:\/\/profile.google.com\/cp\/CgkvbS8wNWNjOHQ?pf=0\" rel=\"nofollow noopener\">Siga o perfil de A BOLA no Google<\/a>\u00a0<\/p>\n","protected":false},"excerpt":{"rendered":"J\u00e1 passaram muitos anos, mas poucos passaram os n\u00fameros de Jardel no futebol portugu\u00eas. 239 golos em 251&hellip;\n","protected":false},"author":2,"featured_media":122562,"comment_status":"","ping_status":"","sticky":false,"template":"","format":"standard","meta":{"footnotes":""},"categories":[87],"tags":[135,32,33,134],"class_list":{"0":"post-122561","1":"post","2":"type-post","3":"status-publish","4":"format-standard","5":"has-post-thumbnail","7":"category-desporto","8":"tag-desporto","9":"tag-portugal","10":"tag-pt","11":"tag-sports"},"share_on_mastodon":{"url":"https:\/\/pubeurope.com\/@pt\/115421471237143335","error":""},"_links":{"self":[{"href":"https:\/\/www.europesays.com\/pt\/wp-json\/wp\/v2\/posts\/122561","targetHints":{"allow":["GET"]}}],"collection":[{"href":"https:\/\/www.europesays.com\/pt\/wp-json\/wp\/v2\/posts"}],"about":[{"href":"https:\/\/www.europesays.com\/pt\/wp-json\/wp\/v2\/types\/post"}],"author":[{"embeddable":true,"href":"https:\/\/www.europesays.com\/pt\/wp-json\/wp\/v2\/users\/2"}],"replies":[{"embeddable":true,"href":"https:\/\/www.europesays.com\/pt\/wp-json\/wp\/v2\/comments?post=122561"}],"version-history":[{"count":0,"href":"https:\/\/www.europesays.com\/pt\/wp-json\/wp\/v2\/posts\/122561\/revisions"}],"wp:featuredmedia":[{"embeddable":true,"href":"https:\/\/www.europesays.com\/pt\/wp-json\/wp\/v2\/media\/122562"}],"wp:attachment":[{"href":"https:\/\/www.europesays.com\/pt\/wp-json\/wp\/v2\/media?parent=122561"}],"wp:term":[{"taxonomy":"category","embeddable":true,"href":"https:\/\/www.europesays.com\/pt\/wp-json\/wp\/v2\/categories?post=122561"},{"taxonomy":"post_tag","embeddable":true,"href":"https:\/\/www.europesays.com\/pt\/wp-json\/wp\/v2\/tags?post=122561"}],"curies":[{"name":"wp","href":"https:\/\/api.w.org\/{rel}","templated":true}]}}