{"id":122567,"date":"2025-10-23T04:07:13","date_gmt":"2025-10-23T04:07:13","guid":{"rendered":"https:\/\/www.europesays.com\/pt\/122567\/"},"modified":"2025-10-23T04:07:13","modified_gmt":"2025-10-23T04:07:13","slug":"o-segredo-para-tiago-abravanel-perder-23-quilos-em-seis-meses","status":"publish","type":"post","link":"https:\/\/www.europesays.com\/pt\/122567\/","title":{"rendered":"O segredo para Tiago Abravanel perder 23 quilos em seis meses"},"content":{"rendered":"<p>                            <img width=\"770\" height=\"433\" src=\"https:\/\/www.europesays.com\/pt\/wp-content\/uploads\/2025\/10\/Tiago-Abravanel-revela-segredo-por-tras-da-perda-de-23-quilos-em-seis-meses-1-770x433.jpg.webp.webp\" class=\"attachment-custom-large size-custom-large article-featured-image\" alt=\"\" fetchpriority=\"high\" decoding=\"async\"  \/><\/p>\n<p>Tiago Abravanel revela segredo por tr\u00e1s da perda de 23 quilos em seis meses. (Foto: Reprodu\u00e7\u00e3o\/Redes sociais)<\/p>\n<p>Tiago Abravanel revelou ter perdido 23 quilos em apenas seis meses e chocou a internet na ter\u00e7a-feira (21). O ator e cantor revelou que a mudan\u00e7a dr\u00e1stica aconteceu como consequ\u00eancia de algo mais profundo: o cuidado com a pr\u00f3pria sa\u00fade mental e f\u00edsica.<\/p>\n<p>Continua depois da publicidade<\/p>\n<p>O ponto de virada teria acontecido ap\u00f3s um longo processo de autoconhecimento. <a href=\"https:\/\/cbntotal.com.br\/cotidiano\/tiago-abravanel-revela-segredo-por-tras-da-perda-de-23-quilos-em-seis-meses\/\" rel=\"nofollow noopener\" target=\"_blank\"><strong>Leia a reportagem completa em CBN Total. <\/strong><\/a><\/p>\n","protected":false},"excerpt":{"rendered":"Tiago Abravanel revela segredo por tr\u00e1s da perda de 23 quilos em seis meses. (Foto: Reprodu\u00e7\u00e3o\/Redes sociais) Tiago&hellip;\n","protected":false},"author":2,"featured_media":122568,"comment_status":"","ping_status":"","sticky":false,"template":"","format":"standard","meta":{"footnotes":""},"categories":[145],"tags":[211,210,829,114,115,32,33],"class_list":{"0":"post-122567","1":"post","2":"type-post","3":"status-publish","4":"format-standard","5":"has-post-thumbnail","7":"category-celebridades","8":"tag-celebridades","9":"tag-celebrities","10":"tag-conteudo-liberado","11":"tag-entertainment","12":"tag-entretenimento","13":"tag-portugal","14":"tag-pt"},"share_on_mastodon":{"url":"https:\/\/pubeurope.com\/@pt\/115421514601703888","error":""},"_links":{"self":[{"href":"https:\/\/www.europesays.com\/pt\/wp-json\/wp\/v2\/posts\/122567","targetHints":{"allow":["GET"]}}],"collection":[{"href":"https:\/\/www.europesays.com\/pt\/wp-json\/wp\/v2\/posts"}],"about":[{"href":"https:\/\/www.europesays.com\/pt\/wp-json\/wp\/v2\/types\/post"}],"author":[{"embeddable":true,"href":"https:\/\/www.europesays.com\/pt\/wp-json\/wp\/v2\/users\/2"}],"replies":[{"embeddable":true,"href":"https:\/\/www.europesays.com\/pt\/wp-json\/wp\/v2\/comments?post=122567"}],"version-history":[{"count":0,"href":"https:\/\/www.europesays.com\/pt\/wp-json\/wp\/v2\/posts\/122567\/revisions"}],"wp:featuredmedia":[{"embeddable":true,"href":"https:\/\/www.europesays.com\/pt\/wp-json\/wp\/v2\/media\/122568"}],"wp:attachment":[{"href":"https:\/\/www.europesays.com\/pt\/wp-json\/wp\/v2\/media?parent=122567"}],"wp:term":[{"taxonomy":"category","embeddable":true,"href":"https:\/\/www.europesays.com\/pt\/wp-json\/wp\/v2\/categories?post=122567"},{"taxonomy":"post_tag","embeddable":true,"href":"https:\/\/www.europesays.com\/pt\/wp-json\/wp\/v2\/tags?post=122567"}],"curies":[{"name":"wp","href":"https:\/\/api.w.org\/{rel}","templated":true}]}}