{"id":122599,"date":"2025-10-23T04:54:14","date_gmt":"2025-10-23T04:54:14","guid":{"rendered":"https:\/\/www.europesays.com\/pt\/122599\/"},"modified":"2025-10-23T04:54:14","modified_gmt":"2025-10-23T04:54:14","slug":"antonia-fontenelle-se-pronuncia-sobre-decisao-da-justica-e-faz-acusacao-contra-felipe-neto","status":"publish","type":"post","link":"https:\/\/www.europesays.com\/pt\/122599\/","title":{"rendered":"Antonia Fontenelle se pronuncia sobre decis\u00e3o da Justi\u00e7a e faz acusa\u00e7\u00e3o contra Felipe Neto"},"content":{"rendered":"<p>Antonia Fontenelle, que est\u00e1 morando nos Estados Unidos, se pronunciou sobre a decis\u00e3o da Justi\u00e7a que deu um prazo de 30 dias para a youtuber voltar ao Brasil e come\u00e7ar a prestar servi\u00e7os comunit\u00e1rios. A atriz alegou que vem sofrendo ass\u00e9dio processual por parte de Felipe Neto.<\/p>\n<p>Em 17 de outubro, o juiz Gustavo Gomes Kalil, da Vara de Execu\u00e7\u00e3o de Medidas Alternativas, tomou uma decis\u00e3o referente a uma condena\u00e7\u00e3o de 2022. A loira foi sentenciada a um ano e um m\u00eas de pris\u00e3o por difama\u00e7\u00e3o, cal\u00fania e inj\u00faria contra o irm\u00e3o de <a href=\"https:\/\/natelinha.uol.com.br\/famosos\/tudo-sobre\/luccas-neto\" rel=\"nofollow noopener\" target=\"_blank\">Luccas Neto<\/a> ap\u00f3s sugerir que ele era sociopata e usava drogas.<\/p>\n<p>continua depois da publicidade<\/p>\n<p>+\u00a0<a href=\"https:\/\/natelinha.uol.com.br\/famosos\/2025\/10\/22\/andressa-urach-se-lanca-como-funkeira-e-faz-homenagem-polemica-a-ayrton-senna-232938.php\" rel=\"nofollow noopener\" target=\"_blank\">Andressa Urach se lan\u00e7a como funkeira e faz homenagem pol\u00eamica a Ayrton Senna <\/a><\/p>\n<p>+\u00a0<a href=\"https:\/\/natelinha.uol.com.br\/famosos\/2025\/10\/22\/leo-santana-e-lore-improta-anunciam-gravidez-papai-gg-duas-vezes-232936.php\" rel=\"nofollow noopener\" target=\"_blank\">L\u00e9o Santana e Lore Improta anunciam gravidez: &#8220;Papai GG duas vezes&#8221; <\/a><\/p>\n<p>Um documento do Tribunal de Justi\u00e7a do Rio de Janeiro indica que o magistrado negou os pedidos da defesa de <a href=\"https:\/\/natelinha.uol.com.br\/famosos\/tudo-sobre\/antonia-fontenelle\" rel=\"nofollow noopener\" target=\"_blank\">Antonia Fontenelle<\/a> para que essa pena fosse suspensa. Dessa forma, a famosa tem um m\u00eas para come\u00e7ar a prestar servi\u00e7os e comprovar \u00e0 Justi\u00e7a.<\/p>\n<p>&#8220;Fica desde j\u00e1 advertida de que a n\u00e3o comprova\u00e7\u00e3o do in\u00edcio da execu\u00e7\u00e3o no prazo assinalado ensejar\u00e1 a convers\u00e3o autom\u00e1tica das penas restritivas de direitos em pena privativa de liberdade&#8221;, explica o documento.<\/p>\n<p>O juiz ainda ordenou a expedi\u00e7\u00e3o de of\u00edcio \u00e0 Pol\u00edcia Federal para informar a respeito dos registros de entrada e sa\u00edda da artista do territ\u00f3rio nacional nos \u00faltimos cinco anos.<\/p>\n<p>continua depois da publicidade<\/p>\n<p>Antonia Fontenelle se manifestou<\/p>\n<p><img decoding=\"async\" loading=\"lazy\" class=\"horizontal\" src=\"https:\/\/www.europesays.com\/pt\/wp-content\/uploads\/2025\/10\/h2-antonia-fontenelle-se-manifesta-decisao-da-justica-acusacao-felipe-neto_3720.jpeg\" alt=\"Antonia Fontenelle de cabelo solto e \u00f3culos, fazendo car\u00e3o para foto\" width=\"1240\" height=\"719\"\/><\/p>\n<p>Antonia Fontenelle disse ao F5 que &#8220;<a href=\"https:\/\/natelinha.uol.com.br\/famosos\/tudo-sobre\/felipe-neto\" rel=\"nofollow noopener\" target=\"_blank\">Felipe Neto<\/a> me fez um ass\u00e9dio processual&#8221;. J\u00e1 a defesa da atriz alegou que existe um vazamento seletivo de informa\u00e7\u00f5es, &#8220;como se a influenciadora tivesse tendo rev\u00e9s, o que n\u00e3o \u00e9 verdade, pois v\u00e1rios pedidos dela foram aceitos&#8221;.<\/p>\n<p>Os advogados da loira tamb\u00e9m revelaram que entraram com um pedido na Corregedoria de Justi\u00e7a do Rio para apurar o vazamento de informa\u00e7\u00f5es, al\u00e9m de adiantar que sua cliente est\u00e1 disposta a cumprir os servi\u00e7os sociais, mas de maneira remota.<\/p>\n<p>Por conta disso, o caso s\u00f3 pode ser resolvido depois do recurso ser julgado em segunda inst\u00e2ncia. A equipe jur\u00eddica de Antonia Fontenelle destacou que, se o efeito suspensivo for rejeitado, ela vir\u00e1 ao Brasil para cumprir o que lhe for ordenado.<\/p>\n<p>continua depois da publicidade<\/p>\n","protected":false},"excerpt":{"rendered":"Antonia Fontenelle, que est\u00e1 morando nos Estados Unidos, se pronunciou sobre a decis\u00e3o da Justi\u00e7a que deu um&hellip;\n","protected":false},"author":2,"featured_media":122600,"comment_status":"","ping_status":"","sticky":false,"template":"","format":"standard","meta":{"footnotes":""},"categories":[145],"tags":[28388,211,210,114,115,11558,32,33],"class_list":{"0":"post-122599","1":"post","2":"type-post","3":"status-publish","4":"format-standard","5":"has-post-thumbnail","7":"category-celebridades","8":"tag-antonia-fontenelle","9":"tag-celebridades","10":"tag-celebrities","11":"tag-entertainment","12":"tag-entretenimento","13":"tag-felipe-neto","14":"tag-portugal","15":"tag-pt"},"share_on_mastodon":{"url":"https:\/\/pubeurope.com\/@pt\/115421699384516914","error":""},"_links":{"self":[{"href":"https:\/\/www.europesays.com\/pt\/wp-json\/wp\/v2\/posts\/122599","targetHints":{"allow":["GET"]}}],"collection":[{"href":"https:\/\/www.europesays.com\/pt\/wp-json\/wp\/v2\/posts"}],"about":[{"href":"https:\/\/www.europesays.com\/pt\/wp-json\/wp\/v2\/types\/post"}],"author":[{"embeddable":true,"href":"https:\/\/www.europesays.com\/pt\/wp-json\/wp\/v2\/users\/2"}],"replies":[{"embeddable":true,"href":"https:\/\/www.europesays.com\/pt\/wp-json\/wp\/v2\/comments?post=122599"}],"version-history":[{"count":0,"href":"https:\/\/www.europesays.com\/pt\/wp-json\/wp\/v2\/posts\/122599\/revisions"}],"wp:featuredmedia":[{"embeddable":true,"href":"https:\/\/www.europesays.com\/pt\/wp-json\/wp\/v2\/media\/122600"}],"wp:attachment":[{"href":"https:\/\/www.europesays.com\/pt\/wp-json\/wp\/v2\/media?parent=122599"}],"wp:term":[{"taxonomy":"category","embeddable":true,"href":"https:\/\/www.europesays.com\/pt\/wp-json\/wp\/v2\/categories?post=122599"},{"taxonomy":"post_tag","embeddable":true,"href":"https:\/\/www.europesays.com\/pt\/wp-json\/wp\/v2\/tags?post=122599"}],"curies":[{"name":"wp","href":"https:\/\/api.w.org\/{rel}","templated":true}]}}