{"id":122603,"date":"2025-10-23T04:58:10","date_gmt":"2025-10-23T04:58:10","guid":{"rendered":"https:\/\/www.europesays.com\/pt\/122603\/"},"modified":"2025-10-23T04:58:10","modified_gmt":"2025-10-23T04:58:10","slug":"anette-olzon-anuncia-3-shows-no-brasil-com-orquestra-para-2026","status":"publish","type":"post","link":"https:\/\/www.europesays.com\/pt\/122603\/","title":{"rendered":"Anette Olzon anuncia 3 shows no Brasil com orquestra para 2026"},"content":{"rendered":"\n<p><strong><a href=\"https:\/\/igormiranda.com.br\/tag\/anette-olzon\/\" target=\"_blank\" rel=\"noreferrer noopener nofollow\">Anette Olzon<\/a><\/strong> volta ao Brasil em 2026 \u2014 e com refor\u00e7os. A cantora, ex-integrante do <strong><a href=\"https:\/\/igormiranda.com.br\/tag\/nightwish\/\" target=\"_blank\" rel=\"noreferrer noopener nofollow\">Nightwish<\/a><\/strong>, far\u00e1 tr\u00eas shows acompanhada de orquestra e coral, aproveitando inclusive para para remarcar uma data em Belo Horizonte cancelada na passagem anterior por motivos de sa\u00fade.<\/p>\n<p>Assim como na \u00faltima turn\u00ea, Anette vai cantar m\u00fasicas dos dois \u00e1lbuns que gravou com o Nightwish \u2013 <strong>\u201cDark Passion Play\u201d<\/strong> (2007) e <strong>\u201cImaginaerum\u201d<\/strong> (2011). Em setembro \u00faltimo, Olzon fez seis apresenta\u00e7\u00f5es no pa\u00eds, passando por Rio de Janeiro, Recife, Bras\u00edlia, Curitiba, Porto Alegre e S\u00e3o Paulo, antes de cancelar o show na capital mineira que encerraria o giro.<\/p>\n<p>&#8211; Advertisement &#8211;<\/p>\n<p>Dessa vez, ser\u00e3o executadas can\u00e7\u00f5es que n\u00e3o estiveram no setlist passado. Os shows acontecem em locais mais intimistas, com lugares marcados na plateia.<\/p>\n<p>Os ingressos j\u00e1 est\u00e3o dispon\u00edveis no <a href=\"https:\/\/www.clubedoingresso.com\/categoria\/3\" target=\"_blank\" rel=\"noreferrer noopener nofollow\">Clube do Ingresso<\/a>. Confira as datas:<\/p>\n<ul class=\"wp-block-list\">\n<li>24\/09 \u2013 Belo Horizonte, MG (Teatro Ney Soares)<\/li>\n<li>26\/09 \u2013 S\u00e3o Paulo, SP (Teatro APCD)<\/li>\n<li>29\/09 \u2013 Rio de Janeiro, RJ (Teatro Clara Nunes)<\/li>\n<\/ul>\n<blockquote class=\"instagram-media\" data-instgrm-captioned=\"\" data-instgrm-permalink=\"https:\/\/www.instagram.com\/p\/DQHdrEKgH7F\/?utm_source=ig_embed&amp;utm_campaign=loading\" data-instgrm-version=\"14\" style=\"background:#FFF; border:0; border-radius:3px; box-shadow:0 0 1px 0 rgba(0,0,0,0.5),0 1px 10px 0 rgba(0,0,0,0.15); margin: 1px; max-width:540px; min-width:326px; padding:0; width:99.375%; width:-webkit-calc(100% - 2px); width:calc(100% - 2px);\"><\/blockquote>\n<p>  Sobre Anette Olzon <\/p>\n<p>Na \u00faltima d\u00e9cada, Anette Olzon lan\u00e7ou os discos solo \u201cShine\u201d (2014), \u201cStrong\u201d (2021) e \u201cRapture\u201d (2024); os dois registros com a banda The Dark Element (com o guitarrista Jani Liimatainen, ex-Sonata Arctica, e o baterista Rolf Pilve, do Stratovarius), intitulados \u201cThe Dark Element\u201d (2017) e \u201cSongs the Night Sings\u201d (2019); al\u00e9m dos \u00e1lbuns ao lado do vocalista do Symphony X, Russell Allen: \u201cWorlds Apart\u201d (2020) e \u201cArmy of Dreamers\u201d (2022). Mesmo assim, a artista sueca concentrou sua carreira mais em est\u00fadio do que em turn\u00eas.<\/p>\n<p>Nascida em Katrineholm, Su\u00e9cia, Anette Ingegerd Olsson foi vocalista do Nightwish entre 2007 e 2012, substituindo Tarja Turunen. No per\u00edodo, lan\u00e7ou dois discos com o grupo. Antes, havia integrado a banda Alyson Avenue, que teve reconhecimento mediano no underground do AOR\/melodic rock europeu.<\/p>\n<p><strong>Clique<\/strong> para seguir IgorMiranda.com.br no: <a href=\"https:\/\/instagram.com\/igormirandasite\" target=\"_blank\" rel=\"noreferrer noopener nofollow\">Instagram<\/a> | <a href=\"https:\/\/bsky.app\/profile\/igormirandasite.bsky.social\" target=\"_blank\" rel=\"noreferrer noopener nofollow\">Bluesky<\/a> | <a href=\"https:\/\/twitter.com\/igormirandasite\" target=\"_blank\" rel=\"noreferrer noopener nofollow\">Twitter<\/a> | <a href=\"https:\/\/tiktok.com\/@igormirandasite\" target=\"_blank\" rel=\"noreferrer noopener nofollow\">TikTok<\/a> | <a href=\"https:\/\/facebook.com\/igormirandasite\" target=\"_blank\" rel=\"noreferrer noopener nofollow\">Facebook<\/a> | <a href=\"https:\/\/www.youtube.com\/igormirandasite\" target=\"_blank\" rel=\"noreferrer noopener nofollow\">YouTube<\/a> | <a href=\"https:\/\/www.threads.net\/@igormirandasite\" target=\"_blank\" rel=\"noreferrer noopener nofollow\">Threads<\/a>.<\/p>\n<p> <script async src=\"https:\/\/platform.twitter.com\/widgets.js\" charset=\"utf-8\"><\/script><script async src=\"\/\/www.instagram.com\/embed.js\"><\/script><script async src=\"\/\/www.tiktok.com\/embed.js\"><\/script><\/p>\n","protected":false},"excerpt":{"rendered":"Anette Olzon volta ao Brasil em 2026 \u2014 e com refor\u00e7os. A cantora, ex-integrante do Nightwish, far\u00e1 tr\u00eas&hellip;\n","protected":false},"author":2,"featured_media":122604,"comment_status":"","ping_status":"","sticky":false,"template":"","format":"standard","meta":{"footnotes":""},"categories":[141],"tags":[28389,114,115,149,150,28390,32,33,9215],"class_list":{"0":"post-122603","1":"post","2":"type-post","3":"status-publish","4":"format-standard","5":"has-post-thumbnail","7":"category-musica","8":"tag-anette-olzon","9":"tag-entertainment","10":"tag-entretenimento","11":"tag-music","12":"tag-musica","13":"tag-nightwish","14":"tag-portugal","15":"tag-pt","16":"tag-shows-no-brasil"},"share_on_mastodon":{"url":"https:\/\/pubeurope.com\/@pt\/115421715021259632","error":""},"_links":{"self":[{"href":"https:\/\/www.europesays.com\/pt\/wp-json\/wp\/v2\/posts\/122603","targetHints":{"allow":["GET"]}}],"collection":[{"href":"https:\/\/www.europesays.com\/pt\/wp-json\/wp\/v2\/posts"}],"about":[{"href":"https:\/\/www.europesays.com\/pt\/wp-json\/wp\/v2\/types\/post"}],"author":[{"embeddable":true,"href":"https:\/\/www.europesays.com\/pt\/wp-json\/wp\/v2\/users\/2"}],"replies":[{"embeddable":true,"href":"https:\/\/www.europesays.com\/pt\/wp-json\/wp\/v2\/comments?post=122603"}],"version-history":[{"count":0,"href":"https:\/\/www.europesays.com\/pt\/wp-json\/wp\/v2\/posts\/122603\/revisions"}],"wp:featuredmedia":[{"embeddable":true,"href":"https:\/\/www.europesays.com\/pt\/wp-json\/wp\/v2\/media\/122604"}],"wp:attachment":[{"href":"https:\/\/www.europesays.com\/pt\/wp-json\/wp\/v2\/media?parent=122603"}],"wp:term":[{"taxonomy":"category","embeddable":true,"href":"https:\/\/www.europesays.com\/pt\/wp-json\/wp\/v2\/categories?post=122603"},{"taxonomy":"post_tag","embeddable":true,"href":"https:\/\/www.europesays.com\/pt\/wp-json\/wp\/v2\/tags?post=122603"}],"curies":[{"name":"wp","href":"https:\/\/api.w.org\/{rel}","templated":true}]}}