{"id":122613,"date":"2025-10-23T05:11:19","date_gmt":"2025-10-23T05:11:19","guid":{"rendered":"https:\/\/www.europesays.com\/pt\/122613\/"},"modified":"2025-10-23T05:11:19","modified_gmt":"2025-10-23T05:11:19","slug":"carris-diretor-demitido-mantem-funcoes-no-mesmo-setor-rtp","status":"publish","type":"post","link":"https:\/\/www.europesays.com\/pt\/122613\/","title":{"rendered":"Carris. Diretor demitido mant\u00e9m fun\u00e7\u00f5es no mesmo setor &#8211; RTP"},"content":{"rendered":"<ol>\n<li><a href=\"https:\/\/news.google.com\/rss\/articles\/CBMimwFBVV95cUxOSjM0N3Azd1l6dXlvQTZwYXJ5ckxuZE1PVEVWeFBMcVctYzJVOGpCVjNLNHdTb29VR1hITzhwUVVsRDBDN05wQkxULUZlVEVMbnFvY08wQUdNQ01yTk1lRGFXaDN4THBrRmRacTJFcGdrczdGd005UWNOYzhZeVJhc08wTXNaRi1NQmdOZFJWWnlGdjZOSVZSdlZuUQ?oc=5\" target=\"_blank\" rel=\"nofollow noopener\">Carris. Diretor demitido mant\u00e9m fun\u00e7\u00f5es no mesmo setor<\/a>&nbsp;&nbsp;RTP<\/li>\n<li><a href=\"https:\/\/news.google.com\/rss\/articles\/CBMi6wFBVV95cUxNbl9CY0lXQ00zcnRjTEQzSkJITGwtekR3RHZyU243TDM0UzE3LS1HTFhKM0VuYW8xSlg0RU9ucDZUQXhzY0N1bFRJcU9GU3ZFb1Q5Q2JteW1EY2pOV3VoUm1jV2l5bS1iM2k4TlBwNE55N3c0eG9wSzJpd01NS2tlMVdBQVVGTmVvRXk2eGFXdUp1cGZFaldlQTQ2X3VQZWlBaFBiN1NCamZCX0JsY0x5eHI0a3RtNzdLRGxUQTFhQkJfanpUUjdBREllZDhIMllPUzMwZE1BTHVDdDhwTERwX0JGVVRxdURSOEt30gHwAUFVX3lxTE9RZ2F3WlFhZTZWODFtMjdvbzM1RFExdjUyT2Z2RlR1NmFMcE1LRjZibmFXT09oTmZxVnJzb0llb01Qa3lBWE9mRWRkV0MzcDhoZGszLUFSc3dWY2haMVlTSkdFN1FyVGFNX1ZUcFZNRlN6cm1zMnJXdWhnbXc1SjUwc2lMOEo0OEY2dDZEWF9ORHNvRV9wQVBYUjhmaHJhWVdRbmlwNGNtaDNxVnRrTi02ZkZsYXZSLTQ2c2JrQzdCanVKN0RldExSb1RkMHphdWlldjIxSDhMSEY0SnRvQjBEb1dPcno4OTM2T24weHZVeA?oc=5\" target=\"_blank\" rel=\"nofollow noopener\">Presidente de operadora do Elevador da Gl\u00f3ria renuncia ap\u00f3s relat\u00f3rio apontar falha em acidente em Lisboa<\/a>&nbsp;&nbsp;Folha de S.Paulo<\/li>\n<li><a href=\"https:\/\/news.google.com\/rss\/articles\/CBMi-wFBVV95cUxPZ2VxeXlWRlVSVDNHZFQ2elFqSVQwbUVwWjJ6NVMyUFVuSzQzOUJFV1BNb0pVbmRaRGc5VG5WNlQwUmNLOURTN3hadTZJdGZvVi1Mbl81WUowY3NMTlhiRW5wbWVnc1RUZkozam9WQTZlMFREWVYzM3RzMmdySmJqU3hON1NLQzY3cUlHZ08wQ0thbTRWUUdqVGpqZmJ2VzZRWVF3S1RGdEdTU0FjeE9tMnFTUWsyQndUcTBXT2MxYlZ2RjM1X2JqbVk0cS1LR0ZJeVppZzJyTktsck44Wno1eUZQdnRlVjU5MmZwV1Z4QlZwaEQzbXRQdWlYZ9IBigJBVV95cUxOWUFmd3hneGt6TGwyYkdlUWdMeVIxUVZPSlh1QW9QdGgxbTJtdGRKQng5bm9LVW9BYTVzdEQ5ak1ib0FjaWxIbjNGQXg1bHZCN2dhdllwVzBfQTZTVkpmSFpCUFJ1UGlGZjR6cXIxd2NVeG5KUG1HYjVMem51eXZ0aUdkaTkxSFZHdkgzVEVlZ3BiVFc2aFVWdlU4NlUxNFJ5YzAxdUR0RmZWRHVoS1BDSVh0SUVkTl95MVNsdHgtbDEydS1aRFdsdGk3S25HU2psNC1iZzQ4MGxBSGNoRTNBNE44emh5elNHSWNEYXNMbGpEWFljVDVSbmJkX19IY0dFLXF6YXk2c25rdw?oc=5\" target=\"_blank\" rel=\"nofollow noopener\">Elevador da Gl\u00f3ria: o que aponta relat\u00f3rio preliminar sobre acidente com bondinho que deixou 16 mortos em Lisboa?<\/a>&nbsp;&nbsp;O Globo<\/li>\n<li><a href=\"https:\/\/news.google.com\/rss\/articles\/CBMi4wFBVV95cUxQZ0JTVXlqZUY4a211YVJka0RUV3pobUpfcmZsMklGOVVMUWZRTjJwX1JtRnlrUndRYWVnSE5Rc25PdTUydUxIU2hDQVUySzJOdXRCMlhUWmtCZVU4Q0ppclVLYy0wZkFsNkMwZmN1bzAxdW1WWFczb3BTQngzenhIblFnbzUyTXdaRmN2aFlfejBFSWpxRXk5TFVqTFZSZjI2c0xVNlhMdUtab0tjaUlISF9TY1VPU2hqd1RoY2dRcVhLUlFFaS1xSkZxRjRaX29XazZFa0tzMjFmN0J1YnZ2Y0NROA?oc=5\" target=\"_blank\" rel=\"nofollow noopener\">Relat\u00f3rio aponta erro em compra de cabo para Elevador da Gl\u00f3ria<\/a>&nbsp;&nbsp;Terra<\/li>\n<li><a href=\"https:\/\/news.google.com\/rss\/articles\/CBMiuAFBVV95cUxQVlFMRkVZRzkzTkZwcDJLb21yZEhId3JnM1RKdjFWdUkxWjhpbVMxX0Z6dEVuRTQ4NTJZZ3hvZUZJNmtfeFZxRXBZeVZDb1owVlNtQW5VX3RnZnlYdlJLM3IxRlFsNnhJN2JzVDEwczlKVG9KMHRNSm8wNEJ3bGU5Y1BJQnZpZ0FadnVtMGJlQjZqWDZCbm1TYlVWT0dLTUNQd2I1NTNGVW1BQnJ3RVd6OUpBT3FoNjV6?oc=5\" target=\"_blank\" rel=\"nofollow noopener\">Bondinho de Lisboa: Cabo n\u00e3o estava certificado, diz relat\u00f3rio<\/a>&nbsp;&nbsp;Poder360<\/li>\n<\/ol>\n","protected":false},"excerpt":{"rendered":"Carris. Diretor demitido mant\u00e9m fun\u00e7\u00f5es no mesmo setor&nbsp;&nbsp;RTP Presidente de operadora do Elevador da Gl\u00f3ria renuncia ap\u00f3s relat\u00f3rio&hellip;\n","protected":false},"author":2,"featured_media":122614,"comment_status":"","ping_status":"","sticky":false,"template":"","format":"standard","meta":{"footnotes":""},"categories":[142],"tags":[114,115,13,32,33,420,421,151],"class_list":{"0":"post-122613","1":"post","2":"type-post","3":"status-publish","4":"format-standard","5":"has-post-thumbnail","7":"category-tv","8":"tag-entertainment","9":"tag-entretenimento","10":"tag-noticias","11":"tag-portugal","12":"tag-pt","13":"tag-rtp","14":"tag-rtp-noticias","15":"tag-tv"},"share_on_mastodon":{"url":"https:\/\/pubeurope.com\/@pt\/115421766185469855","error":""},"_links":{"self":[{"href":"https:\/\/www.europesays.com\/pt\/wp-json\/wp\/v2\/posts\/122613","targetHints":{"allow":["GET"]}}],"collection":[{"href":"https:\/\/www.europesays.com\/pt\/wp-json\/wp\/v2\/posts"}],"about":[{"href":"https:\/\/www.europesays.com\/pt\/wp-json\/wp\/v2\/types\/post"}],"author":[{"embeddable":true,"href":"https:\/\/www.europesays.com\/pt\/wp-json\/wp\/v2\/users\/2"}],"replies":[{"embeddable":true,"href":"https:\/\/www.europesays.com\/pt\/wp-json\/wp\/v2\/comments?post=122613"}],"version-history":[{"count":0,"href":"https:\/\/www.europesays.com\/pt\/wp-json\/wp\/v2\/posts\/122613\/revisions"}],"wp:featuredmedia":[{"embeddable":true,"href":"https:\/\/www.europesays.com\/pt\/wp-json\/wp\/v2\/media\/122614"}],"wp:attachment":[{"href":"https:\/\/www.europesays.com\/pt\/wp-json\/wp\/v2\/media?parent=122613"}],"wp:term":[{"taxonomy":"category","embeddable":true,"href":"https:\/\/www.europesays.com\/pt\/wp-json\/wp\/v2\/categories?post=122613"},{"taxonomy":"post_tag","embeddable":true,"href":"https:\/\/www.europesays.com\/pt\/wp-json\/wp\/v2\/tags?post=122613"}],"curies":[{"name":"wp","href":"https:\/\/api.w.org\/{rel}","templated":true}]}}