{"id":122615,"date":"2025-10-23T05:14:15","date_gmt":"2025-10-23T05:14:15","guid":{"rendered":"https:\/\/www.europesays.com\/pt\/122615\/"},"modified":"2025-10-23T05:14:15","modified_gmt":"2025-10-23T05:14:15","slug":"benfica-apac-tojal-2-jornada-campeonato-hoquei","status":"publish","type":"post","link":"https:\/\/www.europesays.com\/pt\/122615\/","title":{"rendered":"Benfica APAC Tojal 2 Jornada Campeonato H\u00f3quei"},"content":{"rendered":"<p>                            <strong>RESUMO BTV<\/strong><\/p>\n<tr style=\"background-color: white; border-bottom: 1px solid white;\">\n<td style=\"font-weight: bold; font-size: 30px;\" colspan=\"2\">Campeonato Nacional<\/td>\n<\/tr>\n<tr>\n<td colspan=\"2\">Zona Sul<br \/>2.\u00aa jornada<\/td>\n<\/tr>\n<tr>\n<td style=\"padding: 10px 0; background-color: #f2f2f2!important;\" colspan=\"2\"><strong>RESULTADO FINAL<br \/>INT: 7-0<\/strong><\/td>\n<\/tr>\n<tr class=\"red\">\n<td style=\"font-size: 20px;\"><strong>Benfica<\/strong><\/td>\n<td style=\"border-right: 1px solid #f4f4f4; font-size: 55px;\"><strong>21<\/strong><\/td>\n<\/tr>\n<tr>\n<td style=\"font-size: 20px;\"><strong>APAC Tojal<\/strong><\/td>\n<td style=\"border-right: 1px solid #f4f4f4; font-size: 55px;\"><strong>0<\/strong><\/td>\n<\/tr>\n<tr>\n<td style=\"background-color: #f2f2f2!important;\" colspan=\"2\"><strong>Marcadoras<\/strong><\/td>\n<\/tr>\n<tr>\n<td style=\"border-right: 1px solid #f4f4f4;\">\n<p>Maria Sofia Silva <strong>4&#8242;<br \/><\/strong>Sara Roces<strong> 14&#8242;<br \/><\/strong>Leonor Coelho<strong> 15&#8242;<br \/><\/strong>In\u00eas Severino<strong> 16&#8242;<br \/><\/strong>Rita Batista<strong> 18&#8242;<br \/><\/strong>Sara Roces<strong> 24&#8242;<br \/><\/strong>In\u00eas Severino<strong> 24&#8242;<br \/><\/strong>Raquel Santos<strong> 26&#8242;<br \/><\/strong>Maria Sofia Silva<strong> 26&#8242;<br \/><\/strong>Maria Sofia Silva<strong> 28&#8242;<br \/><\/strong>Raquel Santos<strong> 30&#8242;<br \/><\/strong>Maria Sofia Silva<strong> 32&#8242;<br \/><\/strong>Maria Sofia Silva<strong> 32&#8242;<br \/><\/strong>Raquel Santos<strong> 33&#8242;<br \/><\/strong>Rita Batista<strong> 35&#8242;<br \/><\/strong>Sara Roces<strong> 36&#8242;<br \/><\/strong>In\u00eas Severino<strong> 37&#8242;<br \/><\/strong>In\u00eas Severino<strong> 40&#8242;<br \/><\/strong>Sara Roces<strong> 40&#8242;<br \/><\/strong>In\u00eas Severino<strong> 42&#8242;<br \/><\/strong>Marlene Sousa<strong> 49&#8242;<\/strong><\/p>\n<\/td>\n<td\/>\n        <\/tr>\n<p>Arrasadora no ataque, a equipa feminina de h\u00f3quei em patins do <a href=\"https:\/\/www.slbenfica.pt\/pt-pt\/modalidades\/hoquei?teamGender=female&amp;teamRank=16094ecf-9e78-4e3e-bcdf-28e4f765de9f\" rel=\"nofollow noopener\" target=\"_blank\"><strong>Benfica<\/strong><\/a> goleou nesta quarta-feira, 22 de outubro, a APAC Tojal, por 21-0, num desafio da 2.\u00aa jornada da Zona Sul do Campeonato Nacional.<\/p>\n<p>Vindas da <strong><a href=\"https:\/\/www.slbenfica.pt\/pt-pt\/agora\/noticias\/2025\/10\/19\/hoquei-em-patins-feminino-jogo-benfica-stuart-massama-final-taca-professor-joao-campelo\" rel=\"nofollow noopener\" target=\"_blank\">conquista<\/a> da Ta\u00e7a Professor Jo\u00e3o Campelo<\/strong>, as dodecacampe\u00e3s nacionais come\u00e7aram a <strong>rondar a baliza advers\u00e1ria<\/strong> desde o in\u00edcio do encontro e, aos <strong>4&#8242;<\/strong>, <strong>Maria Sofia Silva inaugurou o marcador<\/strong>.<\/p>\n<p>Aos <strong>9&#8242;<\/strong>, o \u00e1rbitro assinalou <strong>pen\u00e1lti<\/strong> ap\u00f3s corte com o patim de In\u00eas Flor\u00eancio, mas <strong>Aim\u00e9e Blackman<\/strong> n\u00e3o conseguiu bater a oposi\u00e7\u00e3o de Ana Sequeira.<\/p>\n<p>As oportunidades sucediam-se junto \u00e0 baliza da APAC Tojal, mas foi preciso esperar at\u00e9 aos <strong>14&#8242;<\/strong> para a <strong>avalancha ofensiva traduzir-se no marcador<\/strong>. <strong>Sara Roces (14&#8242; e 24&#8242;), Leonor Coelho (15&#8242;), In\u00eas Severino (16&#8242; e 24&#8242;) e Rita Batista (18&#8242;)<\/strong> mostraram pontaria afinada e colocaram o Benfica a vencer por <strong>7-0<\/strong> ao <strong>intervalo<\/strong>.<\/p>\n<p><img decoding=\"async\" src=\"https:\/\/www.europesays.com\/pt\/wp-content\/uploads\/2025\/10\/maria-sofia-silva-thumbnail.jpg\" alt=\"Benfica-APAC Tojal\" width=\"926px\" height=\"522px\"\/><\/p>\n<p>No regresso dos balne\u00e1rios, as \u00e1guias marcaram <strong>2 golos no mesmo minuto (26&#8242;)<\/strong>, por <strong>Raquel Santos<\/strong> e <strong>Maria Sofia Silva<\/strong>, e mostraram que n\u00e3o estavam dispostas a baixar o ritmo da partida.<\/p>\n<p>Com naturalidade, os golos continuaram a aparecer e a quebra f\u00edsica e an\u00edmica das advers\u00e1rias precipitou o <strong>21-0<\/strong>, alcan\u00e7ado com golos de <strong>Maria Sofia Silva (28&#8242; e mais 2 golos aos 32&#8242;), Raquel Santos (30&#8242; e 33&#8242;), Rita Batista (35&#8242;), Sara Roces (36&#8242; e 40&#8242;), In\u00eas Severino (37&#8242;, 40&#8242; e 42&#8242;) e Marlene Sousa (49&#8242;)<\/strong>.<\/p>\n<p>Pelo meio, aos <strong>33&#8242;<\/strong>, a guarda-redes Matilde Cerqueira ainda <strong>travou um pen\u00e1lti<\/strong> executado por <strong>In\u00eas Severino<\/strong>.<\/p>\n<p><img decoding=\"async\" src=\"https:\/\/www.europesays.com\/pt\/wp-content\/uploads\/2025\/10\/sara-roces-thumbnail.jpg\" alt=\"Benfica-APAC Tojal\" width=\"926px\" height=\"522px\"\/><\/p>\n<p>Antes do soar da buzina, houve tempo para <strong>Lili Buchoux<\/strong> brilhar. Na sequ\u00eancia de um <strong>livre direto<\/strong> a punir as 10 faltas das \u00e1guias, a <strong>guarda-redes francesa<\/strong> evitou que Matilde Granadas marcasse o golo de honra da APAC Tojal com uma <strong>grande defesa<\/strong>.<\/p>\n<p>Com <strong>40 golos marcados<\/strong> e nenhum sofrido nas 2 primeiras rondas da Zona Sul do Campeonato Nacional, o <strong>Benfica<\/strong> volta a entrar em campo para esta competi\u00e7\u00e3o \u00e0s <strong>13h00<\/strong> de <strong>2 de novembro<\/strong> (domingo) ante a Acad\u00e9mica, no <strong>Pavilh\u00e3o Fidelidade<\/strong>.<\/p>\n<p><img decoding=\"async\" src=\"https:\/\/www.europesays.com\/pt\/wp-content\/uploads\/2025\/10\/1761196454_39_equipa-tecnica-thumbnail.jpg\" alt=\"Benfica-APAC Tojal\" width=\"926px\" height=\"522px\"\/><\/p>\n<p><strong>DECLARA\u00c7\u00d5ES<\/strong><\/p>\n<p><strong>Pedro Alegria (treinador adjunto do Benfica):<\/strong> &#8220;Antes de mais, quero real\u00e7ar os nossos adeptos: mais uma vez, numa quarta-feira, num jogo \u00e0s nove e meia da noite, estiveram presentes. Muito obrigado! Estamos a trabalhar diariamente com um intuito muito grande, n\u00e3o s\u00f3 a n\u00edvel das provas nacionais, mas tamb\u00e9m das provas europeias, e o nosso objetivo hoje era n\u00e3o sofrer, ser aguerridas em todas as disputas de bola e conseguir com que toda a equipa jogasse. As nossas guarda-redes est\u00e3o de parab\u00e9ns, tal como a nossa linha defensiva e o nosso ataque. Fomos superiores em todas as partes do jogo, em todas as situa\u00e7\u00f5es. Dar os parab\u00e9ns \u00e0s mi\u00fadas, trabalharam com um rigor muito grande.&#8221;<\/p>\n<p><img decoding=\"async\" src=\"https:\/\/www.europesays.com\/pt\/wp-content\/uploads\/2025\/10\/1761196455_393_grupo-thumbnail.jpg\" alt=\"Benfica-APAC Tojal\" width=\"926px\" height=\"522px\"\/><\/p>\n<tr>\n<td style=\"background-color: #f2f2f2!important;\" colspan=\"3\"><strong>Campeonato Nacional (Zona Sul) | 2.\u00aa jornada | 22\/10\/2025<\/strong><\/td>\n<\/tr>\n<tr style=\"background-color: #ffffff;\">\n<td style=\"font-size: 25px !important; font-weight: 500; padding: 0 0 20px;\" colspan=\"3\">Benfica-APAC Tojal<br \/>21-0<br \/>Pavilh\u00e3o Fidelidade<\/td>\n<\/tr>\n<tr>\n<td style=\"background-color: #f2f2f2!important;\" colspan=\"3\"><strong>Cinco inicial do Benfica<\/strong><\/td>\n<\/tr>\n<tr>\n<td style=\"padding: 15px 20px;\" colspan=\"3\">Maria Vieira, Marlene Sousa, Aim\u00e9e Blackman, Maria Sofia Silva e Raquel Santos<\/td>\n<\/tr>\n<tr>\n<td style=\"background-color: #f2f2f2!important;\" colspan=\"3\"><strong>Suplentes<\/strong><\/td>\n<\/tr>\n<tr>\n<td style=\"padding: 15px 20px;\" colspan=\"3\">Lili Buchoux, Rita Batista, Sara Roces, In\u00eas Severino e Leonor Coelho<\/td>\n<\/tr>\n<tr>\n<td style=\"background-color: #f2f2f2!important;\" colspan=\"3\"><strong>Treinador do Benfica<\/strong><\/td>\n<\/tr>\n<tr>\n<td style=\"padding: 15px 20px;\" colspan=\"3\">Paulo Almeida<\/td>\n<\/tr>\n<tr>\n<td style=\"background-color: #f2f2f2!important;\" colspan=\"3\"><strong>Cinco inicial da APAC Tojal<\/strong><\/td>\n<\/tr>\n<tr>\n<td style=\"padding: 15px 20px;\" colspan=\"3\">Ana Sequeira, Ana Greg\u00f3rio, Sofia Contreiras, Matilde Granadas e Tatiana Olhicos<\/td>\n<\/tr>\n<tr>\n<td style=\"background-color: #f2f2f2!important;\" colspan=\"3\"><strong>Suplentes<\/strong><\/td>\n<\/tr>\n<tr>\n<td style=\"padding: 15px 20px;\" colspan=\"3\">Matilde Cerqueira, Madalena Bravo, In\u00eas Flor\u00eancio, Catarina Barbosa e Sara Fernandes<\/td>\n<\/tr>\n<tr>\n<td style=\"border-right: 1px solid #f4f4f4;\" colspan=\"2\"><strong>Ao intervalo<\/strong><\/td>\n<td colspan=\"1\">7-0<\/td>\n<\/tr>\n<tr>\n<td style=\"background-color: #f2f2f2!important;\" colspan=\"3\"><strong>Golos<\/strong><\/td>\n<\/tr>\n<tr>\n<td colspan=\"3\"><strong>Benfica<\/strong>: Maria Sofia Silva (4, 26&#8242;, 28&#8242;, 32&#8242; e 32&#8242;), Sara Roces (14&#8242;, 24&#8242;, 36&#8242; e 40&#8242;), Leonor Coelho (15&#8242;), In\u00eas Severino (16&#8242;, 24&#8242;, 37&#8242;, 40&#8242; e 42&#8242;), Rita Batista (18&#8242; e 35&#8242;), Raquel Santos (26&#8242;, 30&#8242; e 33&#8242;) e Marlene Sousa (49&#8242;)<\/td>\n<\/tr>\n","protected":false},"excerpt":{"rendered":"RESUMO BTV Campeonato Nacional Zona Sul2.\u00aa jornada RESULTADO FINALINT: 7-0 Benfica 21 APAC Tojal 0 Marcadoras Maria Sofia&hellip;\n","protected":false},"author":2,"featured_media":122616,"comment_status":"","ping_status":"","sticky":false,"template":"","format":"standard","meta":{"footnotes":""},"categories":[87],"tags":[135,32,33,134],"class_list":{"0":"post-122615","1":"post","2":"type-post","3":"status-publish","4":"format-standard","5":"has-post-thumbnail","7":"category-desporto","8":"tag-desporto","9":"tag-portugal","10":"tag-pt","11":"tag-sports"},"share_on_mastodon":{"url":"https:\/\/pubeurope.com\/@pt\/115421778197472449","error":""},"_links":{"self":[{"href":"https:\/\/www.europesays.com\/pt\/wp-json\/wp\/v2\/posts\/122615","targetHints":{"allow":["GET"]}}],"collection":[{"href":"https:\/\/www.europesays.com\/pt\/wp-json\/wp\/v2\/posts"}],"about":[{"href":"https:\/\/www.europesays.com\/pt\/wp-json\/wp\/v2\/types\/post"}],"author":[{"embeddable":true,"href":"https:\/\/www.europesays.com\/pt\/wp-json\/wp\/v2\/users\/2"}],"replies":[{"embeddable":true,"href":"https:\/\/www.europesays.com\/pt\/wp-json\/wp\/v2\/comments?post=122615"}],"version-history":[{"count":0,"href":"https:\/\/www.europesays.com\/pt\/wp-json\/wp\/v2\/posts\/122615\/revisions"}],"wp:featuredmedia":[{"embeddable":true,"href":"https:\/\/www.europesays.com\/pt\/wp-json\/wp\/v2\/media\/122616"}],"wp:attachment":[{"href":"https:\/\/www.europesays.com\/pt\/wp-json\/wp\/v2\/media?parent=122615"}],"wp:term":[{"taxonomy":"category","embeddable":true,"href":"https:\/\/www.europesays.com\/pt\/wp-json\/wp\/v2\/categories?post=122615"},{"taxonomy":"post_tag","embeddable":true,"href":"https:\/\/www.europesays.com\/pt\/wp-json\/wp\/v2\/tags?post=122615"}],"curies":[{"name":"wp","href":"https:\/\/api.w.org\/{rel}","templated":true}]}}