{"id":122619,"date":"2025-10-23T05:22:07","date_gmt":"2025-10-23T05:22:07","guid":{"rendered":"https:\/\/www.europesays.com\/pt\/122619\/"},"modified":"2025-10-23T05:22:07","modified_gmt":"2025-10-23T05:22:07","slug":"kelly-key-revela-detalhes-de-problemas-na-familia-em-desabafo-emocionado","status":"publish","type":"post","link":"https:\/\/www.europesays.com\/pt\/122619\/","title":{"rendered":"Kelly Key revela detalhes de problemas na fam\u00edlia em desabafo emocionado"},"content":{"rendered":"<p>                            <img width=\"770\" height=\"433\" src=\"https:\/\/www.europesays.com\/pt\/wp-content\/uploads\/2025\/10\/kelly-key-1-2-770x433-1.jpg\" class=\"attachment-custom-large size-custom-large article-featured-image\" alt=\"\" fetchpriority=\"high\" decoding=\"async\"  \/><\/p>\n<p>Kelly Key, de 42 anos, fez um desabafo nas redes sociais nesta ter\u00e7a-feira (21) ap\u00f3s ela e o filho Artur, de 8 anos, enfrentarem problemas de sa\u00fade. (Foto: Reprodu\u00e7\u00e3o\/Redes sociais)<\/p>\n<p>A artista Kelly Key, de 42 anos, tem enfrentado uma sequ\u00eancia de problemas e revelou a internet em detalhes o que vem acontecendo. Nas redes sociais na \u00faltima ter\u00e7a-feira (21), a cantora contou que ela e o filho, Artur, de 8 anos, voltaram de f\u00e9rias com diversos problemas.<\/p>\n<p>Continua depois da publicidade<\/p>\n<p>Em uma\u00a0<a href=\"https:\/\/www.instagram.com\/oficialkellykey\/\" rel=\"nofollow noopener\" target=\"_blank\">s\u00e9rie de stories<\/a>, ela explicou:<\/p>\n<p>\u2014\u00a0 Mal a gente chegou das f\u00e9rias, peguei uma sinusite forte e fiquei 10 dias de antibi\u00f3tico\u2014\u00a0 contou. <a href=\"https:\/\/cbntotal.com.br\/cotidiano\/apos-sequencia-de-doencas-kelly-key-desabafa-forca-esgota\/\" rel=\"nofollow noopener\" target=\"_blank\"><strong>Leia a reportagem completa em CBN Total. <\/strong><\/a><\/p>\n<p>                    <script async src=\"\/\/www.instagram.com\/embed.js\"><\/script><\/p>\n","protected":false},"excerpt":{"rendered":"Kelly Key, de 42 anos, fez um desabafo nas redes sociais nesta ter\u00e7a-feira (21) ap\u00f3s ela e o&hellip;\n","protected":false},"author":2,"featured_media":122620,"comment_status":"","ping_status":"","sticky":false,"template":"","format":"standard","meta":{"footnotes":""},"categories":[145],"tags":[211,210,829,114,115,32,33],"class_list":{"0":"post-122619","1":"post","2":"type-post","3":"status-publish","4":"format-standard","5":"has-post-thumbnail","7":"category-celebridades","8":"tag-celebridades","9":"tag-celebrities","10":"tag-conteudo-liberado","11":"tag-entertainment","12":"tag-entretenimento","13":"tag-portugal","14":"tag-pt"},"share_on_mastodon":{"url":"https:\/\/pubeurope.com\/@pt\/115421809600370519","error":""},"_links":{"self":[{"href":"https:\/\/www.europesays.com\/pt\/wp-json\/wp\/v2\/posts\/122619","targetHints":{"allow":["GET"]}}],"collection":[{"href":"https:\/\/www.europesays.com\/pt\/wp-json\/wp\/v2\/posts"}],"about":[{"href":"https:\/\/www.europesays.com\/pt\/wp-json\/wp\/v2\/types\/post"}],"author":[{"embeddable":true,"href":"https:\/\/www.europesays.com\/pt\/wp-json\/wp\/v2\/users\/2"}],"replies":[{"embeddable":true,"href":"https:\/\/www.europesays.com\/pt\/wp-json\/wp\/v2\/comments?post=122619"}],"version-history":[{"count":0,"href":"https:\/\/www.europesays.com\/pt\/wp-json\/wp\/v2\/posts\/122619\/revisions"}],"wp:featuredmedia":[{"embeddable":true,"href":"https:\/\/www.europesays.com\/pt\/wp-json\/wp\/v2\/media\/122620"}],"wp:attachment":[{"href":"https:\/\/www.europesays.com\/pt\/wp-json\/wp\/v2\/media?parent=122619"}],"wp:term":[{"taxonomy":"category","embeddable":true,"href":"https:\/\/www.europesays.com\/pt\/wp-json\/wp\/v2\/categories?post=122619"},{"taxonomy":"post_tag","embeddable":true,"href":"https:\/\/www.europesays.com\/pt\/wp-json\/wp\/v2\/tags?post=122619"}],"curies":[{"name":"wp","href":"https:\/\/api.w.org\/{rel}","templated":true}]}}