{"id":122621,"date":"2025-10-23T05:25:53","date_gmt":"2025-10-23T05:25:53","guid":{"rendered":"https:\/\/www.europesays.com\/pt\/122621\/"},"modified":"2025-10-23T05:25:53","modified_gmt":"2025-10-23T05:25:53","slug":"vera-quebra-o-silencio-sobre-aproximacao-de-dylan-e-ines-e-fala-em-vinganca","status":"publish","type":"post","link":"https:\/\/www.europesays.com\/pt\/122621\/","title":{"rendered":"Vera quebra o sil\u00eancio sobre aproxima\u00e7\u00e3o de Dylan e In\u00eas&#8230; e fala em vingan\u00e7a!"},"content":{"rendered":"<p>A Voz decidiu expulsar\u00a0<a href=\"https:\/\/selfie.iol.pt\/famosos\/bruno-savate\/secret-story-bruno-savate-reage-a-toda-a-polemica-que-envolve-vera-deveriam-ser-nomeados\/20251021\/68f7562ed34e58bc679720f7\" target=\"_blank\" wbo-id=\"60\" rel=\"nofollow noopener\">Vera Cl\u00e1udia<\/a>, na passada segunda-feira, dia 20, da nona edi\u00e7\u00e3o de &#8220;<a href=\"https:\/\/tvi.iol.pt\/secretstory\/\" target=\"_blank\" wbo-id=\"61\" rel=\"nofollow noopener\">Secret Story &#8211; Casa dos Segredos<\/a>&#8220;, quase 24 horas depois de a agora ex-concorrente do\u00a0reality show\u00a0da\u00a0<a href=\"https:\/\/tvi.iol.pt\/\" target=\"_blank\" wbo-id=\"62\" rel=\"nofollow noopener\">TVI<\/a>\u00a0ter agredido Dylan Fonte com v\u00e1rios estalos na cara.<\/p>\n<p>Entretanto, Vera Cl\u00e1udia concedeu uma entrevista ao programa &#8220;<a href=\"https:\/\/tvi.iol.pt\/doisas10\/\" target=\"_blank\" wbo-id=\"63\" rel=\"nofollow noopener\">Dois \u00e0s 10<\/a>&#8220;, na qual acabou por abordar a aproxima\u00e7\u00e3o entre Dylan Fonte e In\u00eas Gama, por quem a jovem assumiu se mostrar interessada.<\/p>\n<p>&#8220;Se eles se envolverem, vai surpreender-me, claro. Se acontecer, \u00e9 porque o Dylan quer vingar-se de mim. Quanto \u00e0 In\u00eas&#8230; ela \u00e9 muito confusa. N\u00e3o consigo decifr\u00e1-la&#8221;, comentou Vera Cl\u00e1udia.<\/p>\n<p>Veja, agora, algumas das melhores imagens de Vera Cl\u00e1udia, In\u00eas Gama e Dylan Fonte nas galerias de fotografias que prepar\u00e1mos para si.<\/p>\n","protected":false},"excerpt":{"rendered":"A Voz decidiu expulsar\u00a0Vera Cl\u00e1udia, na passada segunda-feira, dia 20, da nona edi\u00e7\u00e3o de &#8220;Secret Story &#8211; Casa&hellip;\n","protected":false},"author":2,"featured_media":122622,"comment_status":"","ping_status":"","sticky":false,"template":"","format":"standard","meta":{"footnotes":""},"categories":[142],"tags":[2632,801,21040,114,115,980,25393,619,32,33,1014,1315,1012,151,162,24887],"class_list":{"0":"post-122621","1":"post","2":"type-post","3":"status-publish","4":"format-standard","5":"has-post-thumbnail","7":"category-tv","8":"tag-casa-dos-segredos","9":"tag-dois-as-10","10":"tag-dylan-fonte","11":"tag-entertainment","12":"tag-entretenimento","13":"tag-famosos","14":"tag-ines-gama","15":"tag-nacional","16":"tag-portugal","17":"tag-pt","18":"tag-reality-show","19":"tag-secret-story","20":"tag-selfie","21":"tag-tv","22":"tag-tvi","23":"tag-vera-claudia"},"share_on_mastodon":{"url":"https:\/\/pubeurope.com\/@pt\/115421825130864640","error":""},"_links":{"self":[{"href":"https:\/\/www.europesays.com\/pt\/wp-json\/wp\/v2\/posts\/122621","targetHints":{"allow":["GET"]}}],"collection":[{"href":"https:\/\/www.europesays.com\/pt\/wp-json\/wp\/v2\/posts"}],"about":[{"href":"https:\/\/www.europesays.com\/pt\/wp-json\/wp\/v2\/types\/post"}],"author":[{"embeddable":true,"href":"https:\/\/www.europesays.com\/pt\/wp-json\/wp\/v2\/users\/2"}],"replies":[{"embeddable":true,"href":"https:\/\/www.europesays.com\/pt\/wp-json\/wp\/v2\/comments?post=122621"}],"version-history":[{"count":0,"href":"https:\/\/www.europesays.com\/pt\/wp-json\/wp\/v2\/posts\/122621\/revisions"}],"wp:featuredmedia":[{"embeddable":true,"href":"https:\/\/www.europesays.com\/pt\/wp-json\/wp\/v2\/media\/122622"}],"wp:attachment":[{"href":"https:\/\/www.europesays.com\/pt\/wp-json\/wp\/v2\/media?parent=122621"}],"wp:term":[{"taxonomy":"category","embeddable":true,"href":"https:\/\/www.europesays.com\/pt\/wp-json\/wp\/v2\/categories?post=122621"},{"taxonomy":"post_tag","embeddable":true,"href":"https:\/\/www.europesays.com\/pt\/wp-json\/wp\/v2\/tags?post=122621"}],"curies":[{"name":"wp","href":"https:\/\/api.w.org\/{rel}","templated":true}]}}