{"id":122651,"date":"2025-10-23T06:19:18","date_gmt":"2025-10-23T06:19:18","guid":{"rendered":"https:\/\/www.europesays.com\/pt\/122651\/"},"modified":"2025-10-23T06:19:18","modified_gmt":"2025-10-23T06:19:18","slug":"escultura-subaquatica-e-instalada-no-japao-e-homenageia-conexao-entre-humanidade-e-oceano-video-o-globo","status":"publish","type":"post","link":"https:\/\/www.europesays.com\/pt\/122651\/","title":{"rendered":"Escultura subaqu\u00e1tica \u00e9 instalada no Jap\u00e3o e homenageia conex\u00e3o entre humanidade e oceano; v\u00eddeo &#8211; O Globo"},"content":{"rendered":"<ol>\n<li><a href=\"https:\/\/news.google.com\/rss\/articles\/CBMi-wFBVV95cUxPV0Y1VTBxaE5oVTAyRkdrTTdfcEhvem56OEoyZlkxcEdYdUs1SnJDeDN1cnlfVmtjYnlsN2xtLTg0MFhLUVdRVGp1eE11Qi1TUDFiZG9QWFIwazM0NVZjUE0zVEJUQlFaTW95SnZuTUZJMWt5dTNYYkVGMWFOMW94Z0p1WkNWX1c4ekhBX18yUThiOUVTQkRnYjZLMk0tZE5RWlR5VFJDUlhVOW03RHZrc1Jjbm04LV9EV25NQ1lDdkViQUo1MHlPOE50VGdzaXlNOGF1V21GNWU2c3M0ZUlFeVNxaG9ReC1RYWJQWDQ2UEI0VloyZVdMWGJHZ9IBigJBVV95cUxQR2ZWM0k4UXBCbTFhanluQXFiREtmZG5hX0FmMVBYQ3FlNFRNUG9TR0stRjV4UktIUFZ2SURqWTZVT3lUS0I1M1l0Ml9xVUVTMjllNEdvbkoxZ3AzdGc4aDBKZF9INVVUMkROWk1oekNnZV93MGpQaVk3enBQei1ld1NLa3NyTnQtdXI5Ny13b1JBLXgzQ1VMTkt0dC1wVjkxLVNXWGg4RXZpVXA2ZHR1ckl4d0JwLThXSklFUzhGeWZobk14T0NCRHRDeG92TUVjX3p0a21QRjJ5QklqNDJXRWtyS2xxc0Nhc0x3bmFZMTJacTRFYUx2RnBVbXlfeUxNbkUwYlhUTWJFQQ?oc=5\" target=\"_blank\" rel=\"nofollow noopener\">Escultura subaqu\u00e1tica \u00e9 instalada no Jap\u00e3o e homenageia conex\u00e3o entre humanidade e oceano; v\u00eddeo<\/a>&nbsp;&nbsp;O Globo<\/li>\n<li><a href=\"https:\/\/news.google.com\/rss\/articles\/CBMi0AFBVV95cUxNQkcxeFRRZDRCUUxiQUxlT0ZEWlh2bFhCeFZ2Y1BUeDB0ZDdXbWlGZnRyQUZTekEwZWM2anRWR3NmbDJheWVjWlRnNkNGSGZfemo3d2xTZmowdXNrd2tKeVZCVzBGNUtnYXRqazlvUDVkOGZJMUl4QzhlcDA3ZVFhVXlQNGVROW1ST05VSEszMDJ3TG90UUNqZFJWcW1hUUpZUHQwVk5UWmowTjZoMnVvLUlYdmpaWG1kOFlnUVp3eWxKTFBQZXdUUDRMb01wOG1Y?oc=5\" target=\"_blank\" rel=\"nofollow noopener\">Escultura gigante de 45 toneladas \u00e9 instalada no fundo do mar no Jap\u00e3o<\/a>&nbsp;&nbsp;UOL Not\u00edcias<\/li>\n<li><a href=\"https:\/\/news.google.com\/rss\/articles\/CBMinwJBVV95cUxQTi00bUR1VklaTGxaNktnNGR6dkJCZHRmQXh0dDdDXzdMb21ac0FMSEVOa1ZnbHpTVjNVUlJqaWk4eEVGLXVSLXZHQTU0ZVBLT21jOEVaN0hhdmpSeFYyWm9nWkFwTkJacm9UN0lGYW1OT18ySkxJRU9jWHp0cGUtZFRSTk5hU19EREJsdDhHV2p0TnpoQVFFVXhuQU9YNXlxMjIzV2sxSnczSUJVVGxCT3dVd1hlb3pjbDFiN29XaVhqdjJmdUxOT2xoVjhEQzlXLUtPd19qaTViMFFaXzZoUks1M0FDUFZLODVGVGRvT3pUaV90bTlMOVBMNDQ3WHRmbGhndERyNEJySnJ1NFlpbTR2dGJwdTRpOFRPQzRqcw?oc=5\" target=\"_blank\" rel=\"nofollow noopener\">Jap\u00e3o instala gigantesca escultura de 45 toneladas e 5,5 m de largura no fundo do mar que lembra a forma de uma mulher gr\u00e1vida dormindo; o que ela significa?<\/a>&nbsp;&nbsp;CPG Click Petr\u00f3leo e G\u00e1s<\/li>\n<li><a href=\"https:\/\/news.google.com\/rss\/articles\/CBMivwFBVV95cUxPc3FCQ3h2Z1ZpZ050eVd2RzdXWnZTRkVrWUY0YmlkMlkzRlFjckYtVXM4NVFqLVpNbzFza2JpN1NTYVRNaEttaktUWVBObThoY1NIdHdkVHgzdG03QzVBYk1CTFRpSTVWQ1F5Sm5SelZud0c5ZGY0UlhGdUR0MDlHYlE5czJMRXJiMUlqeWxXNndGTEtzYWtXOVRJVWFJWjAtU0JCMDNzWEF6VkVtZ3BHaU5OTFh1U0tmdU5YZzV0cw?oc=5\" target=\"_blank\" rel=\"nofollow noopener\">Escultura de 45 toneladas vira habitat para vida marinha no Jap\u00e3o<\/a>&nbsp;&nbsp;Olhar Digital<\/li>\n<li><a href=\"https:\/\/news.google.com\/rss\/articles\/CBMi1gFBVV95cUxQY2dzSTVQVUJlVTRCcGJvakhDRGVOX3NkQkYtcEtVZEZmV1p4cGVHN0NYQjY4M3pnMGxjb3F3Z2VWakdXX3Q3aVlJTHRzaVhyM1p6QVduRk9ndzlILWJBQWJEbFVhb2I4QmI1ZnJvT1BVZUhtekZDLVd1d2R5LV9wZ0pNWmxySHVEbHQ2VFdGMkZ5dU5wbFhpQ2QxdEVIWl9HVWw5aW01QS1vUUlTLXRJbll2OVlUNWFRWmwxRUpNS2R5YzZlSmIwMzIzWUJTRjVDc0FNd3Fn?oc=5\" target=\"_blank\" rel=\"nofollow noopener\">Artista cria escultura in\u00e9dita, em mar do Jap\u00e3o<\/a>&nbsp;&nbsp;Terra<\/li>\n<\/ol>\n","protected":false},"excerpt":{"rendered":"Escultura subaqu\u00e1tica \u00e9 instalada no Jap\u00e3o e homenageia conex\u00e3o entre humanidade e oceano; v\u00eddeo&nbsp;&nbsp;O Globo Escultura gigante de&hellip;\n","protected":false},"author":2,"featured_media":113901,"comment_status":"","ping_status":"","sticky":false,"template":"","format":"standard","meta":{"footnotes":""},"categories":[144],"tags":[207,205,206,203,201,202,204,114,115,32,33],"class_list":{"0":"post-122651","1":"post","2":"type-post","3":"status-publish","4":"format-standard","5":"has-post-thumbnail","7":"category-arte-e-design","8":"tag-arte","9":"tag-arte-e-design","10":"tag-artedesign","11":"tag-arts","12":"tag-arts-and-design","13":"tag-artsanddesign","14":"tag-design","15":"tag-entertainment","16":"tag-entretenimento","17":"tag-portugal","18":"tag-pt"},"share_on_mastodon":{"url":"https:\/\/pubeurope.com\/@pt\/115422033559599049","error":""},"_links":{"self":[{"href":"https:\/\/www.europesays.com\/pt\/wp-json\/wp\/v2\/posts\/122651","targetHints":{"allow":["GET"]}}],"collection":[{"href":"https:\/\/www.europesays.com\/pt\/wp-json\/wp\/v2\/posts"}],"about":[{"href":"https:\/\/www.europesays.com\/pt\/wp-json\/wp\/v2\/types\/post"}],"author":[{"embeddable":true,"href":"https:\/\/www.europesays.com\/pt\/wp-json\/wp\/v2\/users\/2"}],"replies":[{"embeddable":true,"href":"https:\/\/www.europesays.com\/pt\/wp-json\/wp\/v2\/comments?post=122651"}],"version-history":[{"count":0,"href":"https:\/\/www.europesays.com\/pt\/wp-json\/wp\/v2\/posts\/122651\/revisions"}],"wp:featuredmedia":[{"embeddable":true,"href":"https:\/\/www.europesays.com\/pt\/wp-json\/wp\/v2\/media\/113901"}],"wp:attachment":[{"href":"https:\/\/www.europesays.com\/pt\/wp-json\/wp\/v2\/media?parent=122651"}],"wp:term":[{"taxonomy":"category","embeddable":true,"href":"https:\/\/www.europesays.com\/pt\/wp-json\/wp\/v2\/categories?post=122651"},{"taxonomy":"post_tag","embeddable":true,"href":"https:\/\/www.europesays.com\/pt\/wp-json\/wp\/v2\/tags?post=122651"}],"curies":[{"name":"wp","href":"https:\/\/api.w.org\/{rel}","templated":true}]}}