{"id":122652,"date":"2025-10-23T06:24:37","date_gmt":"2025-10-23T06:24:37","guid":{"rendered":"https:\/\/www.europesays.com\/pt\/122652\/"},"modified":"2025-10-23T06:24:37","modified_gmt":"2025-10-23T06:24:37","slug":"ciclismo-joao-almeida-e-finalista-do-velo-dor","status":"publish","type":"post","link":"https:\/\/www.europesays.com\/pt\/122652\/","title":{"rendered":"Ciclismo: Jo\u00e3o Almeida \u00e9 finalista do V\u00e9lo d&#8217;Or"},"content":{"rendered":"<p>Jo\u00e3o Almeida integra a lista dos dez finalistas nomeados para o V\u00e9lo d\u2019or, divulgada esta quarta-feira pela V\u00e9lo Magazine, respons\u00e1vel pelo o galard\u00e3o atribu\u00eddo ao melhor ciclista do ano.\u00a0<\/p>\n<p>Almeida, que terminou a \u00e9poca no top cinco do ranking mundial da UCI, \u00e9 o segundo portugu\u00eas nomeado, depois de Rui Costa, 5.\u00ba classificado em 2013, no ano em que se sagrou campe\u00e3o do mundo de ciclismo de estrada, em Floren\u00e7a.<\/p>\n<p>Jo\u00e3o Almeida distinguiu-se esta \u00e9poca ao ter sido segundo classificado na Vuelta e o primeiro ciclista a conquistar, na mesma temporada, a Volta ao Pa\u00eds Basco, a Volta \u00e0 Romandia e a Volta \u00e0 Su\u00ed\u00e7a.<\/p>\n<p>Tadej Pogacar, vencedor em 2024 e 2021, \u00e9 novamente apontado como grande favorito a levar o pr\u00e9mio para casa. O ciclista esloveno venceu a Volta a Fran\u00e7a, as provas de fundo dos Mundiais e Europeus e tr\u00eas Monumentos, al\u00e9m de ter subido ao p\u00f3dio noutras duas cl\u00e1ssicas.<\/p>\n<p>A vota\u00e7\u00e3o \u00e9 realizada por jornalistas especializados e o vencedor ser\u00e1 anunciado no dia 5 de dezembro, numa cerim\u00f3nia a realizar-se em Paris.<\/p>\n<p><strong>V\u00c9LO D&#8217;OR &#8211; finalistas<\/strong><\/p>\n<p>Joao Almeida (POR, UAE Emirates)<br \/>Isaac Del\u00a0Toro (MEX, UAE Emirates)<br \/>Remco Evenepoel (BEL, Soudal-Quick Step)<br \/>Ben Healy (IRL, EF Education-EasyPost)<br \/>Tadej Pogacar (SLN, UAE Emirates)<br \/>Tim Merlier (BEL, Soudal-Quick Step)<br \/>Mads Pedersen (DAN, Lidl Trek)<br \/>Mathieu Van der Poel (HOL, Alpecin-Deceuninck)<br \/>Jonas Vingegaard (DAN, Visma-Lease a bike)<br \/>Simon Yates (GBR, Visma-Lease a bike)<\/p>\n","protected":false},"excerpt":{"rendered":"Jo\u00e3o Almeida integra a lista dos dez finalistas nomeados para o V\u00e9lo d\u2019or, divulgada esta quarta-feira pela V\u00e9lo&hellip;\n","protected":false},"author":2,"featured_media":122653,"comment_status":"","ping_status":"","sticky":false,"template":"","format":"standard","meta":{"footnotes":""},"categories":[87],"tags":[1342,135,10299,32,33,134,28393],"class_list":{"0":"post-122652","1":"post","2":"type-post","3":"status-publish","4":"format-standard","5":"has-post-thumbnail","7":"category-desporto","8":"tag-ciclismo","9":"tag-desporto","10":"tag-joao-almeida","11":"tag-portugal","12":"tag-pt","13":"tag-sports","14":"tag-velo-d"},"share_on_mastodon":{"url":"https:\/\/pubeurope.com\/@pt\/115422053217993086","error":""},"_links":{"self":[{"href":"https:\/\/www.europesays.com\/pt\/wp-json\/wp\/v2\/posts\/122652","targetHints":{"allow":["GET"]}}],"collection":[{"href":"https:\/\/www.europesays.com\/pt\/wp-json\/wp\/v2\/posts"}],"about":[{"href":"https:\/\/www.europesays.com\/pt\/wp-json\/wp\/v2\/types\/post"}],"author":[{"embeddable":true,"href":"https:\/\/www.europesays.com\/pt\/wp-json\/wp\/v2\/users\/2"}],"replies":[{"embeddable":true,"href":"https:\/\/www.europesays.com\/pt\/wp-json\/wp\/v2\/comments?post=122652"}],"version-history":[{"count":0,"href":"https:\/\/www.europesays.com\/pt\/wp-json\/wp\/v2\/posts\/122652\/revisions"}],"wp:featuredmedia":[{"embeddable":true,"href":"https:\/\/www.europesays.com\/pt\/wp-json\/wp\/v2\/media\/122653"}],"wp:attachment":[{"href":"https:\/\/www.europesays.com\/pt\/wp-json\/wp\/v2\/media?parent=122652"}],"wp:term":[{"taxonomy":"category","embeddable":true,"href":"https:\/\/www.europesays.com\/pt\/wp-json\/wp\/v2\/categories?post=122652"},{"taxonomy":"post_tag","embeddable":true,"href":"https:\/\/www.europesays.com\/pt\/wp-json\/wp\/v2\/tags?post=122652"}],"curies":[{"name":"wp","href":"https:\/\/api.w.org\/{rel}","templated":true}]}}