{"id":122656,"date":"2025-10-23T06:29:25","date_gmt":"2025-10-23T06:29:25","guid":{"rendered":"https:\/\/www.europesays.com\/pt\/122656\/"},"modified":"2025-10-23T06:29:25","modified_gmt":"2025-10-23T06:29:25","slug":"premio-sakharov-atribuido-a-jornalistas-detidos-na-bielorrussia-e-na-georgia-parlamento-europeu","status":"publish","type":"post","link":"https:\/\/www.europesays.com\/pt\/122656\/","title":{"rendered":"Pr\u00e9mio Sakharov atribu\u00eddo a jornalistas detidos na Bielorr\u00fassia e na Ge\u00f3rgia | Parlamento Europeu"},"content":{"rendered":"<p>Os jornalistas Andrzej Poczobut, da Bielorr\u00fassia, e Mzia Amaglobeli, da Ge\u00f3rgia, ambos detidos por ordem de governos autorit\u00e1rios, foram, esta quarta-feira, distinguidos com o Pr\u00e9mio Sakharov para a Liberdade de Pensamento, atribu\u00eddo pelo Parlamento Europeu.<\/p>\n<p>&#8220;Honramos dois jornalistas cuja coragem brilha como um farol para todos aqueles que se recusam a ser silenciados&#8221;, afirmou a presidente do Parlamento Europeu, Roberta Metsola, ao anunciar a decis\u00e3o. &#8220;Ambos pagaram um pre\u00e7o pesado por divulgarem a verdade do poder, tornando-se s\u00edmbolos da luta pela liberdade e pela democracia&#8221;, acrescentou.<\/p>\n<p>Poczobut \u00e9 um jornalista da minoria polaca na Bielorr\u00fassia e foi preso v\u00e1rias vezes pelo seu trabalho cr\u00edtico do regime de Aleksandr Lukashenko, sobretudo na den\u00fancia de abusos de direitos humanos. Em 2021, foi detido e, dois anos depois, condenado a oito anos numa col\u00f3nia penal por &#8220;incitamento \u00e0 hostilidade religiosa e \u00e9tnica&#8221;. Desde ent\u00e3o que as condi\u00e7\u00f5es da sua deten\u00e7\u00e3o n\u00e3o s\u00e3o conhecidas e os seus familiares t\u00eam sido impedidos de o visitar.<\/p>\n<p>Amaglobeli fundou dois importantes meios de comunica\u00e7\u00e3o independentes na Ge\u00f3rgia e em Agosto foi condenada a dois anos de pris\u00e3o, acusada de agress\u00e3o a membros das for\u00e7as de seguran\u00e7a e resist\u00eancia \u00e0 deten\u00e7\u00e3o, durante a cobertura dos <a href=\"https:\/\/www.publico.pt\/2024\/12\/11\/mundo\/noticia\/centenas-detencoes-espancamentos-misteriosos-protestos-proue-georgia-2115238\" target=\"_blank\" rel=\"nofollow noopener\">protestos<\/a> contra o Governo na cidade de Batumi. A jornalista rejeita as acusa\u00e7\u00f5es e diz ter sido alvo de viol\u00eancia por parte das for\u00e7as policiais.<\/p>\n<p>A sua deten\u00e7\u00e3o foi condenada por v\u00e1rias organiza\u00e7\u00f5es internacionais e encarada como parte de uma <a href=\"https:\/\/www.publico.pt\/2024\/12\/13\/mundo\/reportagem\/ruas-georgia-jornalistas-tornaramse-alvos-abater-2115653\" target=\"_blank\" rel=\"nofollow noopener\">persegui\u00e7\u00e3o<\/a> alargada movida pelo Sonho Georgiano, o partido no poder, contra os jornalistas independentes durante a cobertura dos protestos pr\u00f3-Uni\u00e3o Europeia que se sucedem quase diariamente h\u00e1 quase um ano.<\/p>\n<p>        &#13;<\/p>\n<p>&#13;<br \/>\n                &#13;\n            <\/p>\n<p>&#13;<\/p>\n<p>Entre o<a href=\"https:\/\/www.publico.pt\/2025\/10\/16\/mundo\/noticia\/trabalhadores-humanitarios-palestina-jornalistas-presos-estudantes-servios-sao-finalistas-premio-sakharov-2151035\" target=\"_blank\" rel=\"nofollow noopener\">s finalistas desta edi\u00e7\u00e3o<\/a> do Pr\u00e9mio Sakharov, estavam os jornalistas e trabalhadores humanit\u00e1rios <a href=\"https:\/\/www.publico.pt\/medio-oriente\" target=\"_blank\" rel=\"nofollow noopener\">na Palestina<\/a> e os <a href=\"https:\/\/www.publico.pt\/2025\/07\/02\/mundo\/noticia\/protestos-servia-entraram-nova-fase-ninguem-quer-ceder-2138751\" target=\"_blank\" rel=\"nofollow noopener\">estudantes s\u00e9rvios<\/a> que lideraram os protestos contra o Governo.<\/p>\n<p>Pr\u00e9mio a leste<\/p>\n<p>Os galardoados deste ano, propostos pelo Partido Popular Europeu (PPE, de centro-direita), reflectem a preocupa\u00e7\u00e3o crescente por parte da UE com a sua vizinhan\u00e7a a leste.<\/p>\n<p>Na Bielorr\u00fassia, o regime de Lukashenko, no poder h\u00e1 mais de 30 anos, tem dado um <a href=\"https:\/\/www.publico.pt\/2023\/01\/15\/mundo\/noticia\/russia-bielorrussia-estreitam-lacos-improvavel-minsk-intervenha-guerra-2035134\" target=\"_blank\" rel=\"nofollow noopener\">apoio fundamental \u00e0 R\u00fassia<\/a> na invas\u00e3o da Ucr\u00e2nia. Em 2020, o grande movimento de oposi\u00e7\u00e3o criado na sequ\u00eancia das <a href=\"https:\/\/www.publico.pt\/2020\/08\/10\/mundo\/noticia\/vitoria-lukashenko-nao-convence-oposicao-uniao-europeia-1927662\" target=\"_blank\" rel=\"nofollow noopener\">elei\u00e7\u00f5es consideradas fraudulentas<\/a> por Bruxelas conseguiu mobilizar parte consider\u00e1vel da sociedade, mas acabou por ser esmagado pela for\u00e7a do regime. A maioria dos l\u00edderes da oposi\u00e7\u00e3o foi detida ou abandonou a Bielorr\u00fassia e o regime fechou-se de forma ainda mais radical.<\/p>\n<p><a href=\"https:\/\/www.publico.pt\/2020\/10\/22\/mundo\/noticia\/oposicao-democratica-bielorrussia-vence-premio-sakharov-1936262\" target=\"_blank\" rel=\"nofollow noopener\">Em 2020<\/a>, a oposi\u00e7\u00e3o bielorrussa liderada por Sviatlana Tsikhanouskaia, a candidata derrotada por Lukashenko, j\u00e1 tinha sido escolhida para receber o Pr\u00e9mio Sakharov.<\/p>\n<p>At\u00e9 recentemente, a Ge\u00f3rgia era vista como um caso de sucesso entre os pa\u00edses da Europa de Leste que ambicionavam integrar a UE. Com uma sociedade fortemente europe\u00edsta, o pa\u00eds apresentava progressos importantes no processo de ades\u00e3o e em Novembro de 2023 havia obtido o estatuto de pa\u00eds candidato. Em poucos meses, tudo mudou. A aprova\u00e7\u00e3o da lei &#8220;dos agentes estrangeiros&#8221;, vista como um instrumento para abafar a sociedade civil, desencadeou um processo impar\u00e1vel que resultou num <a href=\"https:\/\/www.publico.pt\/2024\/07\/10\/mundo\/noticia\/bruxelas-suspende-ajuda-militar-georgia-suspende-processo-adesao-2097144\" target=\"_blank\" rel=\"nofollow noopener\">afastamento total<\/a> entre a Ge\u00f3rgia e a UE.<\/p>\n<p>O fim do processo de ades\u00e3o foi recebido com enormes protestos por grande parte da sociedade, que considera o actual Governo ileg\u00edtimo e fraudulento, acusando-o de querer instaurar um regime autorit\u00e1rio na Ge\u00f3rgia. As manifesta\u00e7\u00f5es sucessivas contra o Sonho Georgiano t\u00eam sido fortemente reprimidas pelas for\u00e7as de seguran\u00e7a, que estendem a repress\u00e3o aos jornalistas cr\u00edticos do regime.<\/p>\n<p>Em 2024, o pr\u00e9mio foi atribu\u00eddo \u00e0 l\u00edder da oposi\u00e7\u00e3o venezuelana <a href=\"https:\/\/www.publico.pt\/2025\/10\/10\/mundo\/noticia\/maria-corina-machado-dar-democracia-garantida-2150401\" target=\"_blank\" rel=\"nofollow noopener\">Mar\u00eda Corina Machado<\/a> \u2014 que este ano foi distinguida com o <a href=\"https:\/\/www.publico.pt\/2025\/10\/10\/mundo\/noticia\/maria-corina-machado-opositora-politica-venezuelana-vence-nobel-paz-2150328\" target=\"_blank\" rel=\"nofollow noopener\">Pr\u00e9mio Nobel da Paz<\/a> \u2014 e ao candidato presidencial <a href=\"https:\/\/www.publico.pt\/2024\/11\/27\/mundo\/noticia\/venezuela-g7-reconhece-vitoria-gonzalez-embaixada-argentina-cercada-2113591\" target=\"_blank\" rel=\"nofollow noopener\">Edmundo Gonz\u00e1lez<\/a>.<\/p>\n<p>Entre os laureados mais c\u00e9lebres encontram-se nomes como Nelson Mandela (distinguido em 1988), Xanana Gusm\u00e3o (1999), Kofi Annan (2003), <a href=\"https:\/\/www.publico.pt\/2025\/05\/21\/culturaipsilon\/noticia\/jafar-panahi-cannes-carro-lugar-liberdade-cinema-iraniano-2133815\" target=\"_blank\" rel=\"nofollow noopener\">Jafar Panahi<\/a> (2012), <a href=\"https:\/\/www.publico.pt\/2025\/10\/08\/impar\/noticia\/malala-lanca-livro-memorias-conta-historia-amor-escondidas-2150072\" target=\"_blank\" rel=\"nofollow noopener\">Malala Yousafzai<\/a> (2013) ou <a href=\"https:\/\/www.publico.pt\/2025\/09\/17\/mundo\/noticia\/navalny-morreu-envenenado-prisao-garante-viuva-2147503\" target=\"_blank\" rel=\"nofollow noopener\">Alexei Navalny<\/a> (2021).<\/p>\n<p>O pr\u00e9mio foi criado em 1988, em homenagem ao f\u00edsico sovi\u00e9tico e dissidente pol\u00edtico Andrei Sakharov \u2014 cr\u00edtico do regime sovi\u00e9tico que tentou sensibilizar o mundo para os perigos de uma corrida ao armamento nuclear \u2014, e serve para distinguir indiv\u00edduos, grupos ou organiza\u00e7\u00f5es que se destacaram nas \u00e1reas da defesa dos direitos humanos, liberdade de express\u00e3o e valores democr\u00e1ticos.<\/p>\n<p>Os vencedores receber\u00e3o o galard\u00e3o numa cerim\u00f3nia solene na sess\u00e3o plen\u00e1ria de 16 de Dezembro, em Estrasburgo. Recebem ainda um pr\u00e9mio de 50 mil euros.<\/p>\n","protected":false},"excerpt":{"rendered":"Os jornalistas Andrzej Poczobut, da Bielorr\u00fassia, e Mzia Amaglobeli, da Ge\u00f3rgia, ambos detidos por ordem de governos autorit\u00e1rios,&hellip;\n","protected":false},"author":2,"featured_media":122657,"comment_status":"","ping_status":"","sticky":false,"template":"","format":"standard","meta":{"footnotes":""},"categories":[50],"tags":[2870,27,28,3026,445,15,16,16960,14,1428,25,26,21,22,62,12,13,19,20,8118,23,24,17,18,29,30,31,63,64,65],"class_list":{"0":"post-122656","1":"post","2":"type-post","3":"status-publish","4":"format-standard","5":"has-post-thumbnail","7":"category-mundo","8":"tag-bielorrussia","9":"tag-breaking-news","10":"tag-breakingnews","11":"tag-direitos-humanos","12":"tag-europa","13":"tag-featured-news","14":"tag-featurednews","15":"tag-georgia","16":"tag-headlines","17":"tag-jornalismo","18":"tag-latest-news","19":"tag-latestnews","20":"tag-main-news","21":"tag-mainnews","22":"tag-mundo","23":"tag-news","24":"tag-noticias","25":"tag-noticias-principais","26":"tag-noticiasprincipais","27":"tag-parlamento-europeu","28":"tag-principais-noticias","29":"tag-principaisnoticias","30":"tag-top-stories","31":"tag-topstories","32":"tag-ultimas","33":"tag-ultimas-noticias","34":"tag-ultimasnoticias","35":"tag-world","36":"tag-world-news","37":"tag-worldnews"},"share_on_mastodon":{"url":"","error":"Validation failed: Text character limit of 500 exceeded"},"_links":{"self":[{"href":"https:\/\/www.europesays.com\/pt\/wp-json\/wp\/v2\/posts\/122656","targetHints":{"allow":["GET"]}}],"collection":[{"href":"https:\/\/www.europesays.com\/pt\/wp-json\/wp\/v2\/posts"}],"about":[{"href":"https:\/\/www.europesays.com\/pt\/wp-json\/wp\/v2\/types\/post"}],"author":[{"embeddable":true,"href":"https:\/\/www.europesays.com\/pt\/wp-json\/wp\/v2\/users\/2"}],"replies":[{"embeddable":true,"href":"https:\/\/www.europesays.com\/pt\/wp-json\/wp\/v2\/comments?post=122656"}],"version-history":[{"count":0,"href":"https:\/\/www.europesays.com\/pt\/wp-json\/wp\/v2\/posts\/122656\/revisions"}],"wp:featuredmedia":[{"embeddable":true,"href":"https:\/\/www.europesays.com\/pt\/wp-json\/wp\/v2\/media\/122657"}],"wp:attachment":[{"href":"https:\/\/www.europesays.com\/pt\/wp-json\/wp\/v2\/media?parent=122656"}],"wp:term":[{"taxonomy":"category","embeddable":true,"href":"https:\/\/www.europesays.com\/pt\/wp-json\/wp\/v2\/categories?post=122656"},{"taxonomy":"post_tag","embeddable":true,"href":"https:\/\/www.europesays.com\/pt\/wp-json\/wp\/v2\/tags?post=122656"}],"curies":[{"name":"wp","href":"https:\/\/api.w.org\/{rel}","templated":true}]}}