{"id":122658,"date":"2025-10-23T06:32:15","date_gmt":"2025-10-23T06:32:15","guid":{"rendered":"https:\/\/www.europesays.com\/pt\/122658\/"},"modified":"2025-10-23T06:32:15","modified_gmt":"2025-10-23T06:32:15","slug":"leticia-spiller-compartilha-registros-pessoais-na-gravacao-da-vinheta-da-globo","status":"publish","type":"post","link":"https:\/\/www.europesays.com\/pt\/122658\/","title":{"rendered":"Let\u00edcia Spiller compartilha registros pessoais na grava\u00e7\u00e3o da vinheta da Globo"},"content":{"rendered":"<p><a href=\"https:\/\/caras.com.br\/tags\/leticia-spiller\" rel=\"nofollow noopener\" target=\"_blank\"><strong>Let\u00edcia Spiller<\/strong><\/a> emocionou os seguidores ao compartilhar, nesta quarta-feira (22), registros de um reencontro especial com a fam\u00edlia durante a grava\u00e7\u00e3o da vinheta de fim de ano da Globo. A atriz posou ao lado do filho, <strong><a href=\"https:\/\/caras.com.br\/tags\/pedro-novaes\" rel=\"nofollow noopener\" target=\"_blank\">Pedro Novaes<\/a>,<\/strong> do ex-marido, <strong><a href=\"https:\/\/caras.com.br\/tags\/marcello-novaes\" rel=\"nofollow noopener\" target=\"_blank\">Marcello Novaes<\/a>,<\/strong> e do ex-enteado, <strong>Diogo Novaes,<\/strong> fruto do relacionamento de Marcello com a empres\u00e1ria <strong>Sheyla Beta.<\/strong><\/p>\n<p>\u201cHoje \u00e9 um novo dia! Que del\u00edcia participar da vinheta de fim de ano da firma, e dessa vez, ao lado dos meus amores. Um novo tempo em fam\u00edlia! E claro, uma del\u00edcia sempre encontrar amigos queridos\u201d, escreveu Let\u00edcia nas redes sociais, celebrando a oportunidade de participar da grava\u00e7\u00e3o com pessoas importantes de sua trajet\u00f3ria.<\/p>\n<p>O encontro aconteceu durante o evento que reuniu artistas e seus fam\u00edliares para a grava\u00e7\u00e3o da tradicional vinheta de fim de ano da Globo, que marca o encerramento do calend\u00e1rio da emissora. No carrossel, a atriz tamb\u00e9m compartilhou registros ao lado de amigos, como Xuxa, Tat\u00e1 Werneck, Dira Paes e muitos outros.<\/p>\n<p>Separados h\u00e1 25 anos, Let\u00edcia e Marcello mant\u00eam uma rela\u00e7\u00e3o de amizade e cumplicidade desde o fim do casamento, que durou 11 anos. A presen\u00e7a dos dois, posando juntos com Pedro e Diogo, comoveu os internautas.<\/p>\n<blockquote class=\"instagram-media\" style=\"background: #FFF; border: 0; border-radius: 3px; box-shadow: 0 0 1px 0 rgba(0,0,0,0.5),0 1px 10px 0 rgba(0,0,0,0.15); margin: 1px; max-width: 540px; min-width: 326px; padding: 0; width: calc(100% - 2px);\" data-instgrm-captioned=\"\" data-instgrm-permalink=\"https:\/\/www.instagram.com\/p\/DQHbxx5DuqX\/?utm_source=ig_embed&amp;utm_campaign=loading\" data-instgrm-version=\"14\"><\/blockquote>\n<p>  Vinheta 2025 valoriza o esp\u00edrito familiar <\/p>\n<p>A vers\u00e3o de 2025 da vinheta vai destacar momentos \u00edntimos e familiares do elenco, mostrando os artistas em suas casas antes de se reunirem para cantar a m\u00fasica Hoje \u00e9 um Novo Dia, composta por Marcos Valle, Paulo S\u00e9rgio Valle e Nelson Motta. As cenas se complementam at\u00e9 o grande encontro final, simbolizando uni\u00e3o e renova\u00e7\u00e3o.<\/p>\n<p>Este ano, a Globo tamb\u00e9m inovou ao abrir espa\u00e7o para patroc\u00ednios na vinheta. As cotas, avaliadas em R$ 10 milh\u00f5es, incluem inser\u00e7\u00f5es na TV aberta, canais fechados e plataformas digitais.<\/p>\n<p>A grava\u00e7\u00e3o contou com diversas fam\u00edlias de artistas, refor\u00e7ando o tom de celebra\u00e7\u00e3o e pertencimento que marca a mensagem de fim de ano da emissora.<\/p>\n<p>Leia tamb\u00e9m: <a href=\"https:\/\/caras.com.br\/tv\/pedro-novaes-fala-sobre-receber-o-titulo-de-gala-da-nova-geracao.phtml\" rel=\"nofollow noopener\" target=\"_blank\">Pedro Novaes fala sobre receber o t\u00edtulo de \u201cgal\u00e3 da nova gera\u00e7\u00e3o\u201d<\/a><\/p>\n<p>        <a href=\"https:\/\/caras.com.br\/autor\/izabella-nicolau\" rel=\"nofollow noopener\" target=\"_blank\">&#13;<br \/>\n          <img loading=\"lazy\" decoding=\"async\" alt=\"Izabella Nicolau\" src=\"https:\/\/www.europesays.com\/pt\/wp-content\/uploads\/2025\/10\/whatsapp_image_2025-08-12_at_15.10.50_1_sqmd.jpeg\" class=\"avatar avatar-115 photo rounded-circle\" height=\"115\" width=\"115\"\/>        <\/a><\/p>\n<p><strong>Izabella Nicolau<\/strong> \u00e9 rep\u00f3rter de conte\u00fado do site CARAS. Formada em jornalismo, j\u00e1 passou por sites como Observat\u00f3rio do Cinema e Ultraverso. Escreve sobre cultura, entretenimento e celebridades.<\/p>\n<p>\t                                            <script async src=\"\/\/www.instagram.com\/embed.js\"><\/script><\/p>\n","protected":false},"excerpt":{"rendered":"Let\u00edcia Spiller emocionou os seguidores ao compartilhar, nesta quarta-feira (22), registros de um reencontro especial com a fam\u00edlia&hellip;\n","protected":false},"author":2,"featured_media":122659,"comment_status":"","ping_status":"","sticky":false,"template":"","format":"standard","meta":{"footnotes":""},"categories":[145],"tags":[211,210,114,115,753,17577,6465,4384,32,33],"class_list":{"0":"post-122658","1":"post","2":"type-post","3":"status-publish","4":"format-standard","5":"has-post-thumbnail","7":"category-celebridades","8":"tag-celebridades","9":"tag-celebrities","10":"tag-entertainment","11":"tag-entretenimento","12":"tag-globo","13":"tag-leticia-spiller","14":"tag-marcello-novaes","15":"tag-pedro-novaes","16":"tag-portugal","17":"tag-pt"},"share_on_mastodon":{"url":"https:\/\/pubeurope.com\/@pt\/115422084869483950","error":""},"_links":{"self":[{"href":"https:\/\/www.europesays.com\/pt\/wp-json\/wp\/v2\/posts\/122658","targetHints":{"allow":["GET"]}}],"collection":[{"href":"https:\/\/www.europesays.com\/pt\/wp-json\/wp\/v2\/posts"}],"about":[{"href":"https:\/\/www.europesays.com\/pt\/wp-json\/wp\/v2\/types\/post"}],"author":[{"embeddable":true,"href":"https:\/\/www.europesays.com\/pt\/wp-json\/wp\/v2\/users\/2"}],"replies":[{"embeddable":true,"href":"https:\/\/www.europesays.com\/pt\/wp-json\/wp\/v2\/comments?post=122658"}],"version-history":[{"count":0,"href":"https:\/\/www.europesays.com\/pt\/wp-json\/wp\/v2\/posts\/122658\/revisions"}],"wp:featuredmedia":[{"embeddable":true,"href":"https:\/\/www.europesays.com\/pt\/wp-json\/wp\/v2\/media\/122659"}],"wp:attachment":[{"href":"https:\/\/www.europesays.com\/pt\/wp-json\/wp\/v2\/media?parent=122658"}],"wp:term":[{"taxonomy":"category","embeddable":true,"href":"https:\/\/www.europesays.com\/pt\/wp-json\/wp\/v2\/categories?post=122658"},{"taxonomy":"post_tag","embeddable":true,"href":"https:\/\/www.europesays.com\/pt\/wp-json\/wp\/v2\/tags?post=122658"}],"curies":[{"name":"wp","href":"https:\/\/api.w.org\/{rel}","templated":true}]}}