{"id":122668,"date":"2025-10-23T06:55:15","date_gmt":"2025-10-23T06:55:15","guid":{"rendered":"https:\/\/www.europesays.com\/pt\/122668\/"},"modified":"2025-10-23T06:55:15","modified_gmt":"2025-10-23T06:55:15","slug":"estamos-obcecados-com-estas-botas-retro-eis-as-tres-grandes-tendencias","status":"publish","type":"post","link":"https:\/\/www.europesays.com\/pt\/122668\/","title":{"rendered":"Estamos obcecados com estas botas retro: eis as tr\u00eas grandes tend\u00eancias"},"content":{"rendered":"<p style=\"margin-bottom: 11px;\">As grandes Casas de moda revisitaram algumas das silhuetas mais amadas e comprovadas do passado e trouxeram propostas que nos deixaram ansiosos por dias de chuva, de frio e de tudo o que sirva de desculpa para cal\u00e7ar umas botas. Eis os tr\u00eas grandes destaques para a VERSA:<\/p>\n<p>Botas cowboy \u2013 o regresso do faroeste urbano<\/p>\n<p style=\"margin-bottom:11px\">Sim, voltaram \u2014 e n\u00e3o, n\u00e3o s\u00e3o exclusivas das influencers que marcam presen\u00e7a no Coachella. As botas cowboy para este ano chegam mais afiadas, mais urbanas. Pensa em couro e biqueira met\u00e1lica, como \u00e9 exemplo a proposta de Schiaparelli, ou a abordagem de botas western mais \u00f3bvia de McQueen ou de Isabel Marant. Jessica Simpson que nos perdoe por este revival \u2014 mas a nova gera\u00e7\u00e3o est\u00e1 longe de querer ser uma cowgirl com\u00a0glitter.<\/p>\n<p>Cano alto dos anos 1970 e 1980 \u2014 poder, perna e dramatismo <\/p>\n<p style=\"margin-bottom:11px\">Se os anos 80 foram a febre do power dressing, chegou a hora de replicar essa energia \u2014 come\u00e7ando pelos p\u00e9s. As botas de cano alto, bem acima do joelho, tomam o protagonismo. Burberry e Stella McCartney s\u00e3o algumas das apostas nesta silhueta poderosa e decidida. Devemos agradecer a Nancy Sinatra por ter mostrado, d\u00e9cadas atr\u00e1s, que uma bota dram\u00e1tica pode ser muito mais do que um simples cal\u00e7ado: \u00e9 aquilo a que todos chamamos de statement.<\/p>\n<p>O futuro nos anos 1970 \u00e9 t\u00e3o equestre <\/p>\n<p style=\"margin-bottom:11px\">Claro que esper\u00e1vamos o regresso do equestre pela Herm\u00e8s, que assim como a Burberry ou a Gucci trazem na sua heran\u00e7a a transforma\u00e7\u00e3o das riding boots nos anos 60, com um apogeu no nosso guarda-roupa em 1970. Audrey Hepburn e Grace Kelly podem ter ajudado a cimentar esse desejo e nesta temporada voltamos a assistir a esse reafirmar de cal\u00e7ado nas propostas de outono\/inverno 2025-26. Mas, note-se, mais urbano, mais elegante, mais charmoso&#8230;<\/p>\n","protected":false},"excerpt":{"rendered":"As grandes Casas de moda revisitaram algumas das silhuetas mais amadas e comprovadas do passado e trouxeram propostas&hellip;\n","protected":false},"author":2,"featured_media":122669,"comment_status":"","ping_status":"","sticky":false,"template":"","format":"standard","meta":{"footnotes":""},"categories":[85],"tags":[1081,10049,204,114,115,754,7189,186,1079,7562,32,33,1083,1078,1080],"class_list":{"0":"post-122668","1":"post","2":"type-post","3":"status-publish","4":"format-standard","5":"has-post-thumbnail","7":"category-entretenimento","8":"tag-beleza","9":"tag-botas","10":"tag-design","11":"tag-entertainment","12":"tag-entretenimento","13":"tag-gastronomia","14":"tag-inverno","15":"tag-lifestyle","16":"tag-moda","17":"tag-outono","18":"tag-portugal","19":"tag-pt","20":"tag-tendencia","21":"tag-versa","22":"tag-viagens"},"share_on_mastodon":{"url":"https:\/\/pubeurope.com\/@pt\/115422175091382164","error":""},"_links":{"self":[{"href":"https:\/\/www.europesays.com\/pt\/wp-json\/wp\/v2\/posts\/122668","targetHints":{"allow":["GET"]}}],"collection":[{"href":"https:\/\/www.europesays.com\/pt\/wp-json\/wp\/v2\/posts"}],"about":[{"href":"https:\/\/www.europesays.com\/pt\/wp-json\/wp\/v2\/types\/post"}],"author":[{"embeddable":true,"href":"https:\/\/www.europesays.com\/pt\/wp-json\/wp\/v2\/users\/2"}],"replies":[{"embeddable":true,"href":"https:\/\/www.europesays.com\/pt\/wp-json\/wp\/v2\/comments?post=122668"}],"version-history":[{"count":0,"href":"https:\/\/www.europesays.com\/pt\/wp-json\/wp\/v2\/posts\/122668\/revisions"}],"wp:featuredmedia":[{"embeddable":true,"href":"https:\/\/www.europesays.com\/pt\/wp-json\/wp\/v2\/media\/122669"}],"wp:attachment":[{"href":"https:\/\/www.europesays.com\/pt\/wp-json\/wp\/v2\/media?parent=122668"}],"wp:term":[{"taxonomy":"category","embeddable":true,"href":"https:\/\/www.europesays.com\/pt\/wp-json\/wp\/v2\/categories?post=122668"},{"taxonomy":"post_tag","embeddable":true,"href":"https:\/\/www.europesays.com\/pt\/wp-json\/wp\/v2\/tags?post=122668"}],"curies":[{"name":"wp","href":"https:\/\/api.w.org\/{rel}","templated":true}]}}