{"id":122678,"date":"2025-10-23T07:15:13","date_gmt":"2025-10-23T07:15:13","guid":{"rendered":"https:\/\/www.europesays.com\/pt\/122678\/"},"modified":"2025-10-23T07:15:13","modified_gmt":"2025-10-23T07:15:13","slug":"meu-coracao-doi-por-voce","status":"publish","type":"post","link":"https:\/\/www.europesays.com\/pt\/122678\/","title":{"rendered":"&#8216;Meu cora\u00e7\u00e3o d\u00f3i por voc\u00ea&#8217;"},"content":{"rendered":"\n<p class=\" content-text__container theme-color-primary-first-letter\" data-track-category=\"Link no Texto\" data-track-links=\"\"> A influenciadora dgital Kylie Jenner, de 28 anos, usou as redes sociais para se despedir de seu cachorro de estima\u00e7\u00e3o, Norman, um galgo italiano que viveu ao lado da empres\u00e1ria por mais de uma d\u00e9cada. Em uma homenagem emocionada, publicada no Instagram nesta quarta-feira (22), a fundadora da Kylie Cosmetics contou que o animal morreu aos 11 anos. <\/p>\n<ul class=\"content-unordered-list\">\n<li><strong>Experi\u00eancias traum\u00e1ticas: <\/strong><a class=\"\" href=\"https:\/\/oglobo.globo.com\/ela\/gente\/noticia\/2025\/10\/20\/britney-spears-desabafa-sobre-periodo-em-reabilitacao-e-reflete-sobre-danos-cerebrais-minhas-asas-foram-tiradas.ghtml\" rel=\"nofollow noopener\" target=\"_blank\">Britney Spears desabafa sobre per\u00edodo em reabilita\u00e7\u00e3o e reflete sobre &#8216;danos cerebrais&#8217;: &#8216;Minhas asas foram tiradas&#8217;<\/a><\/li>\n<li><strong>Leia tamb\u00e9m:<\/strong> <a class=\"\" href=\"https:\/\/oglobo.globo.com\/ela\/gente\/noticia\/2025\/10\/22\/victoria-beckham-relembra-bullying-na-infancia-e-diz-que-colegas-jogavam-latas-de-refrigerante-nela.ghtml\" rel=\"nofollow noopener\" target=\"_blank\">Victoria Beckham relembra bullying na inf\u00e2ncia e diz que colegas jogavam latas de refrigerante em sua dire\u00e7\u00e3o<\/a><\/li>\n<\/ul>\n<p class=\" content-text__container \" data-track-category=\"Link no Texto\" data-track-links=\"\"> &#8220;Em mem\u00f3ria do meu doce Norman. Ainda me lembro do dia em que te levei para casa. Nunca tinha amado nada tanto na vida&#8221;, escreveu Kylie, na legenda da postagem que reuniu fotos e v\u00eddeos do cachorro ao longo dos anos. <\/p>\n<p>       <img decoding=\"async\" class=\"content-media__image\"  src=\"https:\/\/www.europesays.com\/pt\/wp-content\/uploads\/2025\/10\/in-loving-memory-of-my-sweet-normani-still-remember-the-day-i-brought-you-home.-i-had-never-love-2-..jpeg\" alt=\"Filha mais velha de Kylie Jenner, Stormi Webste, ao lado do cachorro da influenciadora digital \u2014 Foto: Reprodu\u00e7\u00e3o \/ Instagram\" width=\"1080\" height=\"1080\" loading=\"lazy\"\/>  Filha mais velha de Kylie Jenner, Stormi Webste, ao lado do cachorro da influenciadora digital \u2014 Foto: Reprodu\u00e7\u00e3o \/ Instagram       <\/p>\n<p class=\" content-text__container \" data-track-category=\"Link no Texto\" data-track-links=\"\"> Norman chegou \u00e0 casa da empres\u00e1ria em 2014 e logo se tornou conhecido pelos f\u00e3s do cl\u00e3 Kardashian-Jenner, aparecendo com frequ\u00eancia nas redes sociais e nos programas de TV da fam\u00edlia. O c\u00e3o e Bambi, outra galguinha italiana de Kylie, chegaram a ganhar uma conta pr\u00f3pria no Instagram, dedicada aos momentos dos dois. <\/p>\n<p class=\" content-text__container \" data-track-category=\"Link no Texto\" data-track-links=\"\"> Em 2016, Norman e Bambi tiveram uma ninhada de filhotes, o que fez com que Kylie faltasse ao American Music Awards daquele ano. Na \u00e9poca, ela contou que n\u00e3o podia deixar os rec\u00e9m-nascidos sozinhos. <\/p>\n<p class=\" content-text__container \" data-track-category=\"Link no Texto\" data-track-links=\"\"> &#8220;Voc\u00ea me trouxe alegria pura. Quase 13 anos juntos, e sei que vou te lembrar por muito mais tempo do que o tempo que tivemos. Eu sabia que voc\u00ea estava envelhecendo, tentei me preparar, mas \u00e9 dif\u00edcil te perder, Norm&#8221;, escreveu ela. <\/p>\n<ul class=\"content-unordered-list\">\n<li><strong>Jennifer Lopez diz que n\u00e3o tem muitos amigos famosos:<\/strong> <a class=\"\" href=\"https:\/\/oglobo.globo.com\/ela\/gente\/noticia\/2025\/10\/16\/jennifer-lopez-diz-que-nao-tem-muitos-amigos-famosos-acho-que-me-veem-como-distante-mas-nao-sou.ghtml\" rel=\"nofollow noopener\" target=\"_blank\">&#8216;Acho que me veem como distante, mas n\u00e3o sou&#8217;<\/a><\/li>\n<\/ul>\n<p class=\" content-text__container \" data-track-category=\"Link no Texto\" data-track-links=\"\"> A influenciadora tamb\u00e9m mencionou o quanto o cachorro acompanhou as transforma\u00e7\u00f5es de sua vida, desde o in\u00edcio da fama at\u00e9 a maternidade. <\/p>\n<p class=\" content-text__container \" data-track-category=\"Link no Texto\" data-track-links=\"\"> &#8220;Fico feliz em saber que meus filhos puderam te conhecer e te amar. Meu doce Normyyyy. Meu cora\u00e7\u00e3o d\u00f3i por voc\u00ea&#8221;, acrescentou. <\/p>\n<p class=\" content-text__container \" data-track-category=\"Link no Texto\" data-track-links=\"\"> A publica\u00e7\u00e3o traz registros do c\u00e3o brincando com Stormi, filha mais velha de Kylie, e sendo acarinhado pela dona. <\/p>\n<p class=\" content-text__container \" data-track-category=\"Link no Texto\" data-track-links=\"\"> &#8220;Te amarei para sempre&#8221;, finalizou. <\/p>\n<ul class=\"content-unordered-list\">\n<li><strong>Canetas emagrecedoras:<\/strong> <a class=\"\" href=\"https:\/\/oglobo.globo.com\/ela\/gente\/noticia\/2025\/10\/22\/ashley-tisdale-fala-sobre-a-pressao-por-corpos-ultra-magros-e-reflete-sobre-uso-de-ozempic.ghtml\" rel=\"nofollow noopener\" target=\"_blank\">Ashley Tisdale fala sobre a press\u00e3o por corpos &#8216;ultra-magros&#8217; e reflete sobre uso de Ozempic<\/a><\/li>\n<\/ul>\n<p class=\" content-text__container \" data-track-category=\"Link no Texto\" data-track-links=\"\"> Kylie, que tem outros seis cachorros, contou no ano passado, em entrevista \u00e0 atriz Jennifer Lawrence para a Interview Magazine, que conta com uma bab\u00e1 de pets para ajudar nos cuidados com os animais. <\/p>\n<p class=\" content-text__container \" data-track-category=\"Link no Texto\" data-track-links=\"\"> &#8220;Provavelmente foi a melhor contrata\u00e7\u00e3o que j\u00e1 fiz, j\u00e1 que tenho sete c\u00e3es&#8221;, brincou \u00e0 \u00e9poca. &#8220;Eles foram se multiplicando. Um deles teve filhotes e eu quis manter a fam\u00edlia unida.&#8221; <\/p>\n","protected":false},"excerpt":{"rendered":"A influenciadora dgital Kylie Jenner, de 28 anos, usou as redes sociais para se despedir de seu cachorro&hellip;\n","protected":false},"author":2,"featured_media":122679,"comment_status":"","ping_status":"","sticky":false,"template":"","format":"standard","meta":{"footnotes":""},"categories":[145],"tags":[211,210,114,115,319,32,33,318],"class_list":{"0":"post-122678","1":"post","2":"type-post","3":"status-publish","4":"format-standard","5":"has-post-thumbnail","7":"category-celebridades","8":"tag-celebridades","9":"tag-celebrities","10":"tag-entertainment","11":"tag-entretenimento","12":"tag-hard-news","13":"tag-portugal","14":"tag-pt","15":"tag-radar"},"share_on_mastodon":{"url":"https:\/\/pubeurope.com\/@pt\/115422253947594590","error":""},"_links":{"self":[{"href":"https:\/\/www.europesays.com\/pt\/wp-json\/wp\/v2\/posts\/122678","targetHints":{"allow":["GET"]}}],"collection":[{"href":"https:\/\/www.europesays.com\/pt\/wp-json\/wp\/v2\/posts"}],"about":[{"href":"https:\/\/www.europesays.com\/pt\/wp-json\/wp\/v2\/types\/post"}],"author":[{"embeddable":true,"href":"https:\/\/www.europesays.com\/pt\/wp-json\/wp\/v2\/users\/2"}],"replies":[{"embeddable":true,"href":"https:\/\/www.europesays.com\/pt\/wp-json\/wp\/v2\/comments?post=122678"}],"version-history":[{"count":0,"href":"https:\/\/www.europesays.com\/pt\/wp-json\/wp\/v2\/posts\/122678\/revisions"}],"wp:featuredmedia":[{"embeddable":true,"href":"https:\/\/www.europesays.com\/pt\/wp-json\/wp\/v2\/media\/122679"}],"wp:attachment":[{"href":"https:\/\/www.europesays.com\/pt\/wp-json\/wp\/v2\/media?parent=122678"}],"wp:term":[{"taxonomy":"category","embeddable":true,"href":"https:\/\/www.europesays.com\/pt\/wp-json\/wp\/v2\/categories?post=122678"},{"taxonomy":"post_tag","embeddable":true,"href":"https:\/\/www.europesays.com\/pt\/wp-json\/wp\/v2\/tags?post=122678"}],"curies":[{"name":"wp","href":"https:\/\/api.w.org\/{rel}","templated":true}]}}