{"id":122680,"date":"2025-10-23T07:17:20","date_gmt":"2025-10-23T07:17:20","guid":{"rendered":"https:\/\/www.europesays.com\/pt\/122680\/"},"modified":"2025-10-23T07:17:20","modified_gmt":"2025-10-23T07:17:20","slug":"barretense-lanca-livro-sobre-jornada-de-superacao-apos-vencer-a-covid-com-renda-para-entidade","status":"publish","type":"post","link":"https:\/\/www.europesays.com\/pt\/122680\/","title":{"rendered":"Barretense lan\u00e7a livro sobre jornada de supera\u00e7\u00e3o ap\u00f3s vencer a Covid com renda para entidade"},"content":{"rendered":"<p>O barretense e contador Manoel Nunes Filho lan\u00e7a neste s\u00e1bado, 25, seu primeiro livro, \u201cBati L\u00e1 e Voltei\u201d, publicado pela Perfil Editorial. A obra narra sua experi\u00eancia de vida e supera\u00e7\u00e3o ap\u00f3s enfrentar momentos cr\u00edticos durante o tratamento contra a Covid-19. A tarde de aut\u00f3grafos acontece das 15h \u00e0s 19h, no espa\u00e7o de eventos do centro de compras.<\/p>\n<p>Membro da Academia Barretense de Cultura, onde ocupa a cadeira de n\u00famero 4, Manoel j\u00e1 participou de quatro obras lan\u00e7adas pela institui\u00e7\u00e3o. Al\u00e9m de escritor, \u00e9 artista pl\u00e1stico e j\u00e1 realizou duas exposi\u00e7\u00f5es individuais no centro de compras barretense.<\/p>\n<p>\u201cEste livro representa uma reflex\u00e3o muito forte na minha vida, principalmente quando passei por momentos de incerteza. Acredito que fiquei mais para o lado de l\u00e1 do que daqui \u2014 realmente bati l\u00e1 e voltei\u201d, contou Manoel.<\/p>\n<p>O autor explica que come\u00e7ou a trabalhar no livro em junho de 2024, e que o conte\u00fado convida o leitor \u00e0 reflex\u00e3o.<\/p>\n<p>Toda a renda obtida com a venda da obra ser\u00e1 revertida para a Funda\u00e7\u00e3o Casa Jo\u00e3o Baroni, institui\u00e7\u00e3o que acolhe pessoas em tratamento no Hospital de Amor de Barretos.<\/p>\n<p>\u00a0<\/p>\n<p><img loading=\"lazy\" decoding=\"async\" class=\"alignnone  wp-image-222693\" src=\"https:\/\/www.europesays.com\/pt\/wp-content\/uploads\/2025\/10\/BARRETENSE-LANCA-LIVRO-INTERNAS-300x300.jpeg\" alt=\"\" width=\"315\" height=\"315\"  \/><\/p>\n","protected":false},"excerpt":{"rendered":"O barretense e contador Manoel Nunes Filho lan\u00e7a neste s\u00e1bado, 25, seu primeiro livro, \u201cBati L\u00e1 e Voltei\u201d,&hellip;\n","protected":false},"author":2,"featured_media":122681,"comment_status":"","ping_status":"","sticky":false,"template":"","format":"standard","meta":{"footnotes":""},"categories":[143],"tags":[169,114,115,170,32,33],"class_list":{"0":"post-122680","1":"post","2":"type-post","3":"status-publish","4":"format-standard","5":"has-post-thumbnail","7":"category-livros","8":"tag-books","9":"tag-entertainment","10":"tag-entretenimento","11":"tag-livros","12":"tag-portugal","13":"tag-pt"},"share_on_mastodon":{"url":"https:\/\/pubeurope.com\/@pt\/115422261917338238","error":""},"_links":{"self":[{"href":"https:\/\/www.europesays.com\/pt\/wp-json\/wp\/v2\/posts\/122680","targetHints":{"allow":["GET"]}}],"collection":[{"href":"https:\/\/www.europesays.com\/pt\/wp-json\/wp\/v2\/posts"}],"about":[{"href":"https:\/\/www.europesays.com\/pt\/wp-json\/wp\/v2\/types\/post"}],"author":[{"embeddable":true,"href":"https:\/\/www.europesays.com\/pt\/wp-json\/wp\/v2\/users\/2"}],"replies":[{"embeddable":true,"href":"https:\/\/www.europesays.com\/pt\/wp-json\/wp\/v2\/comments?post=122680"}],"version-history":[{"count":0,"href":"https:\/\/www.europesays.com\/pt\/wp-json\/wp\/v2\/posts\/122680\/revisions"}],"wp:featuredmedia":[{"embeddable":true,"href":"https:\/\/www.europesays.com\/pt\/wp-json\/wp\/v2\/media\/122681"}],"wp:attachment":[{"href":"https:\/\/www.europesays.com\/pt\/wp-json\/wp\/v2\/media?parent=122680"}],"wp:term":[{"taxonomy":"category","embeddable":true,"href":"https:\/\/www.europesays.com\/pt\/wp-json\/wp\/v2\/categories?post=122680"},{"taxonomy":"post_tag","embeddable":true,"href":"https:\/\/www.europesays.com\/pt\/wp-json\/wp\/v2\/tags?post=122680"}],"curies":[{"name":"wp","href":"https:\/\/api.w.org\/{rel}","templated":true}]}}