{"id":122696,"date":"2025-10-23T07:32:08","date_gmt":"2025-10-23T07:32:08","guid":{"rendered":"https:\/\/www.europesays.com\/pt\/122696\/"},"modified":"2025-10-23T07:32:08","modified_gmt":"2025-10-23T07:32:08","slug":"a-protegida-goncalo-e-surpreendido-quando-menos-espera-novelas","status":"publish","type":"post","link":"https:\/\/www.europesays.com\/pt\/122696\/","title":{"rendered":"A Protegida: Gon\u00e7alo \u00e9 surpreendido, quando menos espera &#8211; Novelas"},"content":{"rendered":"<p>Em \u00abA Protegida\u00bb, Gon\u00e7alo (Jo\u00e3o Bettencourt), Nuno (Tiago Teot\u00f3nio Pereira) e M\u00f3nica (Catarina Nifo) chegam de Espanha e estranham n\u00e3o ver ningu\u00e9m. M\u00f3nica diz que viu um filme em que aquilo aconteceu e estavam todos sequestrados. Ningu\u00e9m lhe liga e v\u00e3o ver se encontram algu\u00e9m na sala de treino. M\u00f3nica, Nuno e Gon\u00e7alo entram na sala e deparam-se com uma festa surpresa para Gon\u00e7alo, pela vit\u00f3ria no campeonato. Clarice (Fernanda Serrano) diz que o pai est\u00e1 muito orgulhoso, mas n\u00e3o p\u00f4de vir por causa do trabalho. Duarte (Gon\u00e7alo Braga) fica interessado. Nuno chama Gina (Paula Neves) para conversarem.<\/p>\n","protected":false},"excerpt":{"rendered":"Em \u00abA Protegida\u00bb, Gon\u00e7alo (Jo\u00e3o Bettencourt), Nuno (Tiago Teot\u00f3nio Pereira) e M\u00f3nica (Catarina Nifo) chegam de Espanha e&hellip;\n","protected":false},"author":2,"featured_media":122697,"comment_status":"","ping_status":"","sticky":false,"template":"","format":"standard","meta":{"footnotes":""},"categories":[142],"tags":[168,160,166,114,115,157,167,164,2931,161,158,165,159,32,33,156,163,151,162],"class_list":{"0":"post-122696","1":"post","2":"type-post","3":"status-publish","4":"format-standard","5":"has-post-thumbnail","7":"category-tv","8":"tag-a-protegida","9":"tag-ana-guiomar","10":"tag-cristina-ferreira","11":"tag-entertainment","12":"tag-entretenimento","13":"tag-festa-e-festa","14":"tag-ficcao","15":"tag-jose-fidalgo","16":"tag-novela","17":"tag-novelas","18":"tag-para-sempre","19":"tag-pedro-sousa","20":"tag-pedro-teixeira","21":"tag-portugal","22":"tag-pt","23":"tag-queridos-papas","24":"tag-tiago-teotonio-pereira","25":"tag-tv","26":"tag-tvi"},"share_on_mastodon":{"url":"https:\/\/pubeurope.com\/@pt\/115422320576382212","error":""},"_links":{"self":[{"href":"https:\/\/www.europesays.com\/pt\/wp-json\/wp\/v2\/posts\/122696","targetHints":{"allow":["GET"]}}],"collection":[{"href":"https:\/\/www.europesays.com\/pt\/wp-json\/wp\/v2\/posts"}],"about":[{"href":"https:\/\/www.europesays.com\/pt\/wp-json\/wp\/v2\/types\/post"}],"author":[{"embeddable":true,"href":"https:\/\/www.europesays.com\/pt\/wp-json\/wp\/v2\/users\/2"}],"replies":[{"embeddable":true,"href":"https:\/\/www.europesays.com\/pt\/wp-json\/wp\/v2\/comments?post=122696"}],"version-history":[{"count":0,"href":"https:\/\/www.europesays.com\/pt\/wp-json\/wp\/v2\/posts\/122696\/revisions"}],"wp:featuredmedia":[{"embeddable":true,"href":"https:\/\/www.europesays.com\/pt\/wp-json\/wp\/v2\/media\/122697"}],"wp:attachment":[{"href":"https:\/\/www.europesays.com\/pt\/wp-json\/wp\/v2\/media?parent=122696"}],"wp:term":[{"taxonomy":"category","embeddable":true,"href":"https:\/\/www.europesays.com\/pt\/wp-json\/wp\/v2\/categories?post=122696"},{"taxonomy":"post_tag","embeddable":true,"href":"https:\/\/www.europesays.com\/pt\/wp-json\/wp\/v2\/tags?post=122696"}],"curies":[{"name":"wp","href":"https:\/\/api.w.org\/{rel}","templated":true}]}}