{"id":122700,"date":"2025-10-23T07:37:16","date_gmt":"2025-10-23T07:37:16","guid":{"rendered":"https:\/\/www.europesays.com\/pt\/122700\/"},"modified":"2025-10-23T07:37:16","modified_gmt":"2025-10-23T07:37:16","slug":"principe-andre-nao-paga-renda-na-mansao-real-de-windsor-ha-mais-de-20-anos-reino-unido","status":"publish","type":"post","link":"https:\/\/www.europesays.com\/pt\/122700\/","title":{"rendered":"Pr\u00edncipe Andr\u00e9 n\u00e3o paga renda na mans\u00e3o real de Windsor h\u00e1 mais de 20 anos | Reino Unido"},"content":{"rendered":"<p>O pr\u00edncipe Andr\u00e9 n\u00e3o paga renda h\u00e1 mais de 20 anos na mans\u00e3o de Royal Lodge, em Windsor. O contrato de arrendamento do duque de York, <a href=\"https:\/\/www.thetimes.com\/uk\/royal-family\/article\/prince-andrew-rent-free-windsor-mansion-rbrgfjkrr\" target=\"_blank\" rel=\"nofollow noopener\">divulgado pelo <\/a><a href=\"https:\/\/www.thetimes.com\/uk\/royal-family\/article\/prince-andrew-rent-free-windsor-mansion-rbrgfjkrr\" target=\"_blank\" rel=\"nofollow noopener\">Times<\/a>, est\u00e1 a gerar pol\u00e9mica no Reino Unido, onde cresce o descontentamento com o facto de o pr\u00edncipe manter oficialmente o ducado e os t\u00edtulos, que s\u00f3 podem ser retirados por ac\u00e7\u00e3o do Parlamento, com o apoio do Governo. O Partido Nacional Escoc\u00eas (SNP, na sigla original), independentista de esquerda, apresentou uma mo\u00e7\u00e3o n\u00e3o vinculativa sobre o tema, mas n\u00e3o h\u00e1 expectativas de que seja concretizada pelo Executivo liderado por Keir Stamer.<\/p>\n<p>O contrato de arrendamento de Andr\u00e9 recua at\u00e9 2003, um ano depois da morte da sua av\u00f3, a rainha Isabel, que viveu na casa de Windsor at\u00e9 morrer aos 102 anos. A decis\u00e3o de Isabel II de atribuir a mans\u00e3o ao segundo filho surpreendeu, at\u00e9 porque j\u00e1 tinha oferecido a casa de Sunninghill ao duque de York aquando do casamento com Sarah Ferguson \u2014 apesar de se terem divorciado em 1996, a ex-mulher continua a viver com Andr\u00e9 no Royal Lodge.<\/p>\n<p>O Royal Lodge n\u00e3o \u00e9 uma casa privada da fam\u00edlia real, mas propriedade da Coroa. Ou seja, a sua gest\u00e3o \u00e9 feita pela Coroa, mas as receitas dos arrendamentos v\u00e3o para o Tesouro nacional. Mas, neste caso, o arrendamento de Andr\u00e9 traduz-se apenas no pagamento de \u201cum gr\u00e3o de pimenta (se exigido) por ano\u201d. O termo hist\u00f3rico (em ingl\u00eas, \u201cone peppercorn\u201d) \u00e9 apenas um acto simb\u00f3lico.<\/p>\n<p>Ou seja, Andr\u00e9 n\u00e3o paga renda, mas investiu no Royal Lodge para l\u00e1 viver, explica o jornal londrino. Em 2003, foi o pr\u00edncipe a pagar a remodela\u00e7\u00e3o da propriedade que custou 7,5 milh\u00f5es de libras (8,6 milh\u00f5es de euros), como parte do acordo original com a Coroa, aprovado pelo Gabinete Nacional de Auditoria. Mais: acrescentou a esse investimento um milh\u00e3o de libras (1,15 milh\u00f5es de euros) para arrendar a casa por 75 anos \u2014 at\u00e9 2078.<\/p>\n<p>O contrato tamb\u00e9m determina que se, por algum motivo, Andr\u00e9 desistir do arrendamento a Coroa teria de lhe pagar 558 mil libras (641 mil euros). Al\u00e9m disso, at\u00e9 ao 25.\u00ba ano do contrato (em 2028), deve-lhe mais de 185 mil libras (212 mil euros) por ano. Assim, \u00e9 pouco prov\u00e1vel que o pr\u00edncipe ca\u00eddo em desgra\u00e7a possa ser expulso do Royal Lodge, diz unanimemente a imprensa brit\u00e2nica.<\/p>\n<p>A Coroa tem rejeitado as acusa\u00e7\u00f5es de que o contrato de arrendamento beneficie Andr\u00e9 e justifica que teria sempre de ser um membro da fam\u00edlia real a habitar a mans\u00e3o de Windsor, dada a sua \u201clocaliza\u00e7\u00e3o sens\u00edvel\u201d que poderia criar \u201cpreocupa\u00e7\u00f5es de seguran\u00e7a\u201d pela proximidade \u00e0 capela real, cita o <a href=\"https:\/\/www.theguardian.com\/uk-news\/2025\/oct\/21\/does-prince-andrew-live-rent-free-at-royal-lodge-and-can-he-be-evicted\" target=\"_blank\" rel=\"nofollow noopener\">The Guardian.<\/a><\/p>\n<p>O Royal Lodge foi constru\u00eddo em 1662 como casa de campo para o top\u00f3grafo e artista Thomas Sandby e passou para as m\u00e3os da fam\u00edlia real no s\u00e9culo XIX, quando come\u00e7ou a ser usado pelo rei Jorge IV durante a \u00e9poca de ca\u00e7a. A casa original foi demolida e reconstru\u00edda com 30 divis\u00f5es em 1830 por Guilherme IV, antes de se tornar resid\u00eancia oficial dos pais de Isabel II, Jorge VI e a rainha Isabel, quando ainda eram duques de York. <\/p>\n<p>Apesar de pol\u00e9mico, o contrato de Andr\u00e9 n\u00e3o \u00e9 in\u00e9dito: o irm\u00e3o Eduardo tamb\u00e9m vive na mans\u00e3o de Bagshot Park, em Windsor, por \u201cum gr\u00e3o de pimenta\u201d desde 2007. Em 1998, quando se mudou, pagava 90 mil libras (103 mil euros) de renda anual, mas, depois de fazer remodela\u00e7\u00f5es de 1,3 milh\u00f5es de libras (cerca de 1,5 milh\u00f5es de euros), renegociou o contrato \u2014 pagando ainda mais cinco milh\u00f5es para assegurar o arrendamento.<\/p>\n<p>                &#13;<br \/>\n                    &#13;<br \/>\n                    &#13;<br \/>\n                        Vista a\u00e9ra do Royal Lodge&#13;<br \/>\nReuters\/Stringer?                    &#13;<\/p>\n<p><strong>O que se segue para Andr\u00e9?<\/strong><\/p>\n<p>Mas a trama do Royal Lodge \u00e9 s\u00f3 \u201cum gr\u00e3o de pimenta\u201d na vida do pr\u00edncipe Andr\u00e9, que, no final da semana passada, anunciou que decidiu<a href=\"http:\/\/v\" rel=\"nofollow\"> renunciar<\/a> aos t\u00edtulos reais de duque de York, Cavaleiro Gr\u00e3-Cruz da Real Ordem Vitoriana\u200b (GCVO) e Cavaleiro Real Companheiro da Nobil\u00edssima Ordem da Jarreteira, na sequ\u00eancia de anos de esc\u00e2ndalos sexuais ligados a Jeffrey Epstein, que criou uma rede de explora\u00e7\u00e3o de menores.<\/p>\n<p>Contudo, Andr\u00e9 n\u00e3o pode deixar de ser pr\u00edncipe (t\u00edtulo que recebeu ao nascimento por ser filho da rainha) e o ducado tamb\u00e9m s\u00f3 lhe pode ser removido num acto oficial do Parlamento brit\u00e2nico, <a href=\"https:\/\/www.bbc.com\/news\/articles\/cdeg9xd310zo\" target=\"_blank\" rel=\"nofollow noopener\">explica a BBC<\/a>. O SNP interp\u00f4s uma mo\u00e7\u00e3o n\u00e3o vinculativa nesta ter\u00e7a-feira para pressionar o Governo a tomar ac\u00e7\u00f5es, mas n\u00e3o \u00e9 expect\u00e1vel que esta venha a ser aprovada ou sequer concretizada.<\/p>\n<p>\u201cA \u00fanica quest\u00e3o que se coloca \u00e9: de que \u00e9 que o Governo de Keir Starmer est\u00e1 \u00e0 espera? As pessoas sabem que esta \u00e9 a coisa certa a fazer e, mais importante ainda, as v\u00edtimas no centro do esc\u00e2ndalo Epstein sabem que \u00e9 a coisa certa a fazer. \u00c9 preciso faz\u00ea-lo sem mais desculpas e sem mais atrasos\u201d, apelou Stephen Flynn, l\u00edder da bancada parlamentar do SNP na C\u00e2mara dos Comuns, atrav\u00e9s da mo\u00e7\u00e3o que \u00e9 a \u00fanica ferramenta que a c\u00e2mara baixa de Westminster tem para falar sobre a conduta dos membros da fam\u00edlia real no Parlamento.<\/p>\n<p>Uma sondagem conduzida pela<a href=\"https:\/\/yougov.co.uk\/topics\/politics\/survey-results\/daily\/2025\/10\/21\/e53d6\/1\" target=\"_blank\" rel=\"nofollow noopener\"> YouGov <\/a>d\u00e1 conta que quatro em cada cinco brit\u00e2nicos querem que o pr\u00edncipe seja oficialmente destitu\u00eddo do ducado de York. Entre os 6700 adultos questionados, 63% diz-se \u201cfortemente a favor\u201d da medida por parte do Governo, enquanto apenas 6% se op\u00f5e. O pr\u00edncipe Andr\u00e9 tamb\u00e9m \u00e9 das figuras da fam\u00edlia real brit\u00e2nica com menor aceita\u00e7\u00e3o por parte dos ingleses com uma popularidade de 13%, quando comparado com os 68% de Kate ou mesmo os 54% de Carlos III.<\/p>\n<p>        &#13;<\/p>\n<p>&#13;<br \/>\n                &#13;\n            <\/p>\n<p>&#13;<\/p>\n<p>A decis\u00e3o de Andr\u00e9 de abdicar dos t\u00edtulos foi celebrada \u201ccomo uma vit\u00f3ria\u201d por Amy Wallace, co-autora do <a href=\"https:\/\/www.publico.pt\/2025\/10\/16\/impar\/noticia\/principe-divertiuse-virginia-giuffre-descreve-relacoes-sexuais-andre-2151068\" rel=\"nofollow noopener\" target=\"_blank\">livro de mem\u00f3rias de Virginia Giuffre<\/a>, a mulher que acusou <a href=\"https:\/\/www.publico.pt\/2021\/08\/10\/impar\/noticia\/abusos-sexuais-principe-andre-acusado-formalmente-tribunal-1973617\" rel=\"nofollow noopener\" target=\"_blank\">formalmente<\/a> o duque de York de abusos sexuais em 2021 \u2014 chegaram a acordo extrajudicial no ano seguinte. \u201cVirginia queria que todos os homens a quem ela tinha sido traficada, contra a sua vontade, fossem responsabilizados, e este \u00e9 apenas um dos homens\u201d, declarou a escritora em<a href=\"https:\/\/www.bbc.com\/news\/articles\/c1e3leqx89zo\" target=\"_blank\" rel=\"nofollow noopener\"> entrevista \u00e0 BBC<\/a>.<\/p>\n<p>Virginia Giuffre, que se<a href=\"https:\/\/www.publico.pt\/2025\/04\/26\/impar\/noticia\/morreu-mulher-denunciou-jeffrey-epstein-principe-andre-2131041\" rel=\"nofollow noopener\" target=\"_blank\"> suicidou<\/a> em Abril aos 41 anos, descreve no livro Nobody\u2019s Girl as tr\u00eas vezes em que ter\u00e1 tido rela\u00e7\u00f5es sexuais com o pr\u00edncipe Andr\u00e9 a mando de Epstein. Em 2011, o filho de Isabel II ter\u00e1 ordenado ao seu seguran\u00e7a oficial espiar a norte-americana, depois de ser divulgada uma fotografia de ambos, quando Giuffre tinha 17 anos. Agora, <a href=\"https:\/\/www.publico.pt\/2025\/10\/20\/impar\/noticia\/andre-investigado-usar-seguranca-oficial-espiar-virginia-giuffre-2151456\" rel=\"nofollow noopener\" target=\"_blank\">pode enfrentar <\/a>a justi\u00e7a por usar meios do Estado para conseguir informa\u00e7\u00f5es confidenciais.<\/p>\n<p>Carlos III tem estado em sil\u00eancio sobre os esc\u00e2ndalos do irm\u00e3o, que j\u00e1 n\u00e3o tinha deveres reais desde 2019, quando deu uma <a href=\"https:\/\/www.publico.pt\/2019\/11\/20\/impar\/noticia\/abusos-sexuais-principe-andre-vai-deixar-deveres-reais-1894514\" rel=\"nofollow noopener\" target=\"_blank\">desastrosa entrevista \u00e0 BBC <\/a>onde confessava a amizade com Epstein, mas negava as acusa\u00e7\u00f5es de abusos sexuais ou ter alguma vez conhecido Virginia Giuffre. A BBC escreve que o rei se prefere focar \u201cnos deveres e no servi\u00e7o\u201d e n\u00e3o se \u201cdistrair com outros temas\u201d.<\/p>\n","protected":false},"excerpt":{"rendered":"O pr\u00edncipe Andr\u00e9 n\u00e3o paga renda h\u00e1 mais de 20 anos na mans\u00e3o de Royal Lodge, em Windsor.&hellip;\n","protected":false},"author":2,"featured_media":122701,"comment_status":"","ping_status":"","sticky":false,"template":"","format":"standard","meta":{"footnotes":""},"categories":[85],"tags":[2948,114,115,709,708,714,712,32,33,713],"class_list":{"0":"post-122700","1":"post","2":"type-post","3":"status-publish","4":"format-standard","5":"has-post-thumbnail","7":"category-entretenimento","8":"tag-abusos-sexuais","9":"tag-entertainment","10":"tag-entretenimento","11":"tag-familia-real-britanica","12":"tag-impar","13":"tag-monarquia","14":"tag-pessoas","15":"tag-portugal","16":"tag-pt","17":"tag-reino-unido"},"share_on_mastodon":{"url":"https:\/\/pubeurope.com\/@pt\/115422340211064970","error":""},"_links":{"self":[{"href":"https:\/\/www.europesays.com\/pt\/wp-json\/wp\/v2\/posts\/122700","targetHints":{"allow":["GET"]}}],"collection":[{"href":"https:\/\/www.europesays.com\/pt\/wp-json\/wp\/v2\/posts"}],"about":[{"href":"https:\/\/www.europesays.com\/pt\/wp-json\/wp\/v2\/types\/post"}],"author":[{"embeddable":true,"href":"https:\/\/www.europesays.com\/pt\/wp-json\/wp\/v2\/users\/2"}],"replies":[{"embeddable":true,"href":"https:\/\/www.europesays.com\/pt\/wp-json\/wp\/v2\/comments?post=122700"}],"version-history":[{"count":0,"href":"https:\/\/www.europesays.com\/pt\/wp-json\/wp\/v2\/posts\/122700\/revisions"}],"wp:featuredmedia":[{"embeddable":true,"href":"https:\/\/www.europesays.com\/pt\/wp-json\/wp\/v2\/media\/122701"}],"wp:attachment":[{"href":"https:\/\/www.europesays.com\/pt\/wp-json\/wp\/v2\/media?parent=122700"}],"wp:term":[{"taxonomy":"category","embeddable":true,"href":"https:\/\/www.europesays.com\/pt\/wp-json\/wp\/v2\/categories?post=122700"},{"taxonomy":"post_tag","embeddable":true,"href":"https:\/\/www.europesays.com\/pt\/wp-json\/wp\/v2\/tags?post=122700"}],"curies":[{"name":"wp","href":"https:\/\/api.w.org\/{rel}","templated":true}]}}