{"id":122705,"date":"2025-10-23T07:43:11","date_gmt":"2025-10-23T07:43:11","guid":{"rendered":"https:\/\/www.europesays.com\/pt\/122705\/"},"modified":"2025-10-23T07:43:11","modified_gmt":"2025-10-23T07:43:11","slug":"filha-de-amanda-kimberlly-e-neymar-esbanja-fofura-ao-surgir-com-fantasias","status":"publish","type":"post","link":"https:\/\/www.europesays.com\/pt\/122705\/","title":{"rendered":"Filha de Amanda Kimberlly e Neymar esbanja fofura ao surgir com fantasias"},"content":{"rendered":"<p><a href=\"https:\/\/caras.com.br\/tags\/amanda-kimberlly\" target=\"_blank\" rel=\"noopener nofollow\"><strong>Amanda Kimberlly<\/strong><\/a> encheu as redes sociais de fofura nesta quarta-feira, 22, ao compartilhar fotos in\u00e9ditas de <strong>Helena<\/strong>, de um aninho, sua filha com o jogador de futebol<a href=\"https:\/\/caras.com.br\/tags\/neymar-jr_1\" target=\"_blank\" rel=\"noopener nofollow\">\u00a0<strong>Neymar Jr<\/strong><\/a>.<\/p>\n<p>Nos Stories, ela compartilhou alguns registros em que a herdeira aparece como uma fada, com direito a asas e uma varinha. Nas primeiras imagens, Helena aparece fazendo v\u00e1rias poses usando um look todo azul, depois, a menina aparece esbanjando fofura com uma roupa toda rosa, al\u00e9m disso, Amanda tamb\u00e9m mostrou a herdeira usando uma fantasia de sereia.<\/p>\n<p>No come\u00e7o do m\u00eas, durante a festa de anivers\u00e1rio de dois anos de <strong>Mavie<\/strong>, filha de Neymar com <strong>Bruna Biancardi<\/strong>, o atacante do Santos chamou a aten\u00e7\u00e3o ao surgir com as tr\u00eas filhas. Ele e a influenciadora digital tamb\u00e9m s\u00e3o pais de\u00a0<strong>Mel<\/strong>.<\/p>\n<p>No registro, Neymar aparece sentado em uma cadeira com Helena e Mavie no colo, enquanto Bruna est\u00e1 segurando a ca\u00e7ula. Al\u00e9m das meninas, o jogador tamb\u00e9m \u00e9 pai de Davi Lucca, que est\u00e1 com 14 anos, de seu relacionamento com a influenciadora digital\u00a0<strong>Carol Dantas<\/strong>.<\/p>\n<p><strong>Confira:<\/strong><\/p>\n<p> <img loading=\"lazy\" decoding=\"async\" class=\"size-full wp-image-1021519 img-fluid lazy\" alt=\"Amanda Kimberlly posta foto de Helena - Foto: Instagram\" width=\"720\" height=\"1271\" src=\"https:\/\/www.europesays.com\/pt\/wp-content\/uploads\/2025\/10\/amanda-kimberlly-foto-da-helena.jpeg\"  \/>Amanda Kimberlly posta foto de Helena \u2013 Foto: Instagram <img loading=\"lazy\" decoding=\"async\" class=\"size-full wp-image-1021521 img-fluid lazy\" alt=\"Amanda Kimberlly posta foto de Helena \" width=\"720\" height=\"1271\" src=\"https:\/\/www.europesays.com\/pt\/wp-content\/uploads\/2025\/10\/amanda-kimberlly-foto-helena.jpeg\"  \/>Amanda Kimberlly posta foto de Helena \u2013 Foto: Instagram <img loading=\"lazy\" decoding=\"async\" class=\"size-full wp-image-1021520 img-fluid lazy\" alt=\"Helena \" width=\"720\" height=\"668\" src=\"https:\/\/www.europesays.com\/pt\/wp-content\/uploads\/2025\/10\/amanda-kimberlly-foto-filha.jpeg\"  \/>Helena \u2013 Foto: Instagram  <\/p>\n<p>Em 12 de outubro, no Dia das Crian\u00e7as, o jogador de futebol Neymar Jr usou as redes sociais para prestar uma homenagem mais que especial aos quatro filhos. Pai coruja, o atleta do Santos publicou fotos in\u00e9ditas dos herdeiros: Davi Lucca, Mavie, Helena e Mel.<\/p>\n<p>Nas imagens, o primog\u00eanito do atleta aparece em campo com o uniforme do Santos; j\u00e1 a foto de Mavie foi registrada no dia da festa de anivers\u00e1rio de 2 anos da pequena, realizada no in\u00edcio deste m\u00eas. Os registros de Helena e Mel, a ca\u00e7ula do famoso, tamb\u00e9m aconteceram na celebra\u00e7\u00e3o da irm\u00e3. J\u00e1 na legenda, ele se declarou:\u00a0\u201cFeliz dia das Crian\u00e7as. Amores do papai\u201d, escreveu. <a href=\"https:\/\/caras.com.br\/esporte\/neymar-jr-exibe-fotos-ineditas-dos-quatro-filhos-amores-do-papai.phtml\" target=\"_blank\" rel=\"noopener nofollow\"><strong>Veja!<\/strong><\/a><\/p>\n<p><strong>Leia tamb\u00e9m:<\/strong>\u00a0 <a href=\"https:\/\/caras.com.br\/atualidades\/amanda-kimberlly-nega-acusacoes-de-ataques-a-bruna-biancardi.phtml\" target=\"_blank\" rel=\"noopener nofollow\">Amanda Kimberlly nega acusa\u00e7\u00f5es de ataques a Bruna Biancardi<\/a><\/p>\n<p>        <a href=\"https:\/\/caras.com.br\/autor\/daniela-santos\" rel=\"nofollow noopener\" target=\"_blank\">&#13;<br \/>\n          <img loading=\"lazy\" decoding=\"async\" alt=\"Daniela Santos\" src=\"https:\/\/www.europesays.com\/pt\/wp-content\/uploads\/2025\/09\/1758949148_187_daniela-santos_sqmd.jpg\" class=\"avatar avatar-115 photo rounded-circle\" height=\"115\" width=\"115\"\/>        <\/a><\/p>\n<p><b>Daniela Santos<\/b> \u00e9 rep\u00f3rter do site CARAS. Formada em jornalismo pela FIAM FAAM, atua na \u00e1rea de celebridades e TV desde 2018<\/p>\n","protected":false},"excerpt":{"rendered":"Amanda Kimberlly encheu as redes sociais de fofura nesta quarta-feira, 22, ao compartilhar fotos in\u00e9ditas de Helena, de&hellip;\n","protected":false},"author":2,"featured_media":122706,"comment_status":"","ping_status":"","sticky":false,"template":"","format":"standard","meta":{"footnotes":""},"categories":[145],"tags":[11936,211,210,114,115,12299,7177,1996,32,33],"class_list":{"0":"post-122705","1":"post","2":"type-post","3":"status-publish","4":"format-standard","5":"has-post-thumbnail","7":"category-celebridades","8":"tag-amanda-kimberlly","9":"tag-celebridades","10":"tag-celebrities","11":"tag-entertainment","12":"tag-entretenimento","13":"tag-fantasia","14":"tag-helena","15":"tag-neymar","16":"tag-portugal","17":"tag-pt"},"share_on_mastodon":{"url":"https:\/\/pubeurope.com\/@pt\/115422364017731616","error":""},"_links":{"self":[{"href":"https:\/\/www.europesays.com\/pt\/wp-json\/wp\/v2\/posts\/122705","targetHints":{"allow":["GET"]}}],"collection":[{"href":"https:\/\/www.europesays.com\/pt\/wp-json\/wp\/v2\/posts"}],"about":[{"href":"https:\/\/www.europesays.com\/pt\/wp-json\/wp\/v2\/types\/post"}],"author":[{"embeddable":true,"href":"https:\/\/www.europesays.com\/pt\/wp-json\/wp\/v2\/users\/2"}],"replies":[{"embeddable":true,"href":"https:\/\/www.europesays.com\/pt\/wp-json\/wp\/v2\/comments?post=122705"}],"version-history":[{"count":0,"href":"https:\/\/www.europesays.com\/pt\/wp-json\/wp\/v2\/posts\/122705\/revisions"}],"wp:featuredmedia":[{"embeddable":true,"href":"https:\/\/www.europesays.com\/pt\/wp-json\/wp\/v2\/media\/122706"}],"wp:attachment":[{"href":"https:\/\/www.europesays.com\/pt\/wp-json\/wp\/v2\/media?parent=122705"}],"wp:term":[{"taxonomy":"category","embeddable":true,"href":"https:\/\/www.europesays.com\/pt\/wp-json\/wp\/v2\/categories?post=122705"},{"taxonomy":"post_tag","embeddable":true,"href":"https:\/\/www.europesays.com\/pt\/wp-json\/wp\/v2\/tags?post=122705"}],"curies":[{"name":"wp","href":"https:\/\/api.w.org\/{rel}","templated":true}]}}