{"id":122707,"date":"2025-10-23T07:46:37","date_gmt":"2025-10-23T07:46:37","guid":{"rendered":"https:\/\/www.europesays.com\/pt\/122707\/"},"modified":"2025-10-23T07:46:37","modified_gmt":"2025-10-23T07:46:37","slug":"fabio-e-liliana-trocam-juras-de-amor-gosto-muito-de-ti-nao-vao-ser-estes-bananas-que-nos-vao-separar-tvi-player","status":"publish","type":"post","link":"https:\/\/www.europesays.com\/pt\/122707\/","title":{"rendered":"F\u00e1bio e Liliana trocam &#039;juras de amor&#039;: \u00abGosto muito de ti. N\u00e3o v\u00e3o ser estes bananas que nos v\u00e3o separar &#8211; TVI Player"},"content":{"rendered":"<ol>\n<li><a href=\"https:\/\/news.google.com\/rss\/articles\/CBMipAFBVV95cUxPN2Z1MC1pM3psYzBhVUcwY1hadFJpN0lkY05PQzVFQ041dVpjV2xlMXNKbU1uZk1pVWRiUFA0ZGxsUkprbF9EZ05aLWlCLVBocVBZNFQ1dV95aEhfeVhhWk5Ccmw2bkhxVm5zYmljNjExUE1yendHUmh5YTlzSVZVZ1l2TTNuOE00d1UxNGp5OWVwMWdSSlRwdlFxdU9LS0p0TnA2VA?oc=5\" target=\"_blank\" rel=\"nofollow noopener\">F\u00e1bio e Liliana trocam &#8216;juras de amor&#8217;: \u00abGosto muito de ti. N\u00e3o v\u00e3o ser estes bananas que nos v\u00e3o separar<\/a>&nbsp;&nbsp;TVI Player<\/li>\n<li><a href=\"https:\/\/news.google.com\/rss\/articles\/CBMitgFBVV95cUxOVkJ5NENEbUM1T0ZfZ0xBR0Vyblc2Yk1KSEgyQWNMdnk1MXdNSll3S21jN3NOUU11OWxFUWJEYnV1MEp1T1puLXlQeWNWUU9kYV9kTkVJUmxfQnRmMHFjcE1odDdaM0xGaHZWVVhqMjJNY1BlWkZaVV9GSkNrTzdmMk9PTlM3WTBtcDZDT2xQQTdyVnN0ZWhWSndUenZsc0pUZDV2Ym9VVnFpVktDTjl4ZzZzOEU0UQ?oc=5\" target=\"_blank\" rel=\"nofollow noopener\">Revelados &#8220;detalhes&#8221; \u00edntimos sobre envolvimento sexual de Liliana e F\u00e1bio: &#8220;N\u00e3o foi encaixe total&#8230;&#8221;<\/a>&nbsp;&nbsp;Hiper Fm<\/li>\n<li><a href=\"https:\/\/news.google.com\/rss\/articles\/CBMizwFBVV95cUxQclU1bDBRYkVZa1M4WnR2bW8wTDFnSmZaX2UtVV94YUFNRG9fcDdtaEJwLXNkY3JLZzdWUGlLdEtpMzlSMFBKVFVxdmNmOWJrck5HUjJ3aWdvLU10NWJ6RGZxNWdjWUl4RlREZEdoM3VxRGkzN2ptd0lOMDBzRlhVbVZXWjNvbFB2aWc4SzMteFUzb0VvYVJuMmNxMnhPMFZHamhKNWVFUkRCUXlTZ2tGZjZUcGNwU1VzbWhwWDltSW0tMV9iQXFXSnFWSUZuczQ?oc=5\" target=\"_blank\" rel=\"nofollow noopener\">&#8220;\u00c9 um banana&#8221;. Bruna n\u00e3o poupa criticas a F\u00e1bio no &#8220;Secret Story&#8221; \u2014 e Liliana \u00e9 a culpada<\/a>&nbsp;&nbsp;MAGG<\/li>\n<li><a href=\"https:\/\/news.google.com\/rss\/articles\/CBMiuwFBVV95cUxNYWhHeVpNbFltNUVMS0RIenJFcnhMV1VENVJWdm9SbmZ3a2JhVkJ3cXB4NnV6WUg4dUdFQ1BkUnlzeXNiaS1SNXVQNWI3RVZ6QVZUT1hQWHJBV3A5Wlk4S2VBYl95aFAtRDRjZG1ILXdrY196QUZGU2VaMmN0SHBkdmV1YV9LRVUyU1g5bC1JWGZZVlpNOXl0ZkJHSmhxN0xTVTBlQW9IOUh4Qk9aQ3ZlX2J4SmFkMlpyamln?oc=5\" target=\"_blank\" rel=\"nofollow noopener\">Momento embara\u00e7oso na Casa dos Segredos: microfone apanha conversa sobre Liliana e F\u00e1bio<\/a>&nbsp;&nbsp;A Televis\u00e3o<\/li>\n<li><a href=\"https:\/\/news.google.com\/rss\/articles\/CBMi1AFBVV95cUxQWk56cmdHbHpBSGNMUFZrUDBkRGNTRURkaFhkZTJUY2p3NjJnenZrcm4zOHllWnUtNkMxRHdaVExFUk8wVkpLM0xWSC1jY3k5QnhtWkFUMW0wTTJjb1k4STdsd0t0c0ZSYmpHN29NT0hOdDVRbVRneDFDUWRPYTBYaFFKNnlBdTRKUlR6YWJsdENjbHR3WUstbGZMMUcyVUlBS3I0bEx6V0xvcTV3S1lCNHNfRWRwMDdENzBEMTlPaGVTT2ZuY3Z1UzlvMzM2TzlaMWl4Yg?oc=5\" target=\"_blank\" rel=\"nofollow noopener\">Casa dos Segredos Liliana arrasada pelo segredo de F\u00e1bio: &#8220;Meteu-se comigo para meter ci\u00fames \u00e0 Vera&#8221;<\/a>&nbsp;&nbsp;Portal Impala<\/li>\n<\/ol>\n","protected":false},"excerpt":{"rendered":"F\u00e1bio e Liliana trocam &#8216;juras de amor&#8217;: \u00abGosto muito de ti. N\u00e3o v\u00e3o ser estes bananas que nos&hellip;\n","protected":false},"author":2,"featured_media":122708,"comment_status":"","ping_status":"","sticky":false,"template":"","format":"standard","meta":{"footnotes":""},"categories":[142],"tags":[114,115,19082,19016,32,33,151],"class_list":{"0":"post-122707","1":"post","2":"type-post","3":"status-publish","4":"format-standard","5":"has-post-thumbnail","7":"category-tv","8":"tag-entertainment","9":"tag-entretenimento","10":"tag-fabio","11":"tag-liliana","12":"tag-portugal","13":"tag-pt","14":"tag-tv"},"share_on_mastodon":{"url":"https:\/\/pubeurope.com\/@pt\/115422375660158644","error":""},"_links":{"self":[{"href":"https:\/\/www.europesays.com\/pt\/wp-json\/wp\/v2\/posts\/122707","targetHints":{"allow":["GET"]}}],"collection":[{"href":"https:\/\/www.europesays.com\/pt\/wp-json\/wp\/v2\/posts"}],"about":[{"href":"https:\/\/www.europesays.com\/pt\/wp-json\/wp\/v2\/types\/post"}],"author":[{"embeddable":true,"href":"https:\/\/www.europesays.com\/pt\/wp-json\/wp\/v2\/users\/2"}],"replies":[{"embeddable":true,"href":"https:\/\/www.europesays.com\/pt\/wp-json\/wp\/v2\/comments?post=122707"}],"version-history":[{"count":0,"href":"https:\/\/www.europesays.com\/pt\/wp-json\/wp\/v2\/posts\/122707\/revisions"}],"wp:featuredmedia":[{"embeddable":true,"href":"https:\/\/www.europesays.com\/pt\/wp-json\/wp\/v2\/media\/122708"}],"wp:attachment":[{"href":"https:\/\/www.europesays.com\/pt\/wp-json\/wp\/v2\/media?parent=122707"}],"wp:term":[{"taxonomy":"category","embeddable":true,"href":"https:\/\/www.europesays.com\/pt\/wp-json\/wp\/v2\/categories?post=122707"},{"taxonomy":"post_tag","embeddable":true,"href":"https:\/\/www.europesays.com\/pt\/wp-json\/wp\/v2\/tags?post=122707"}],"curies":[{"name":"wp","href":"https:\/\/api.w.org\/{rel}","templated":true}]}}