{"id":122715,"date":"2025-10-23T07:57:07","date_gmt":"2025-10-23T07:57:07","guid":{"rendered":"https:\/\/www.europesays.com\/pt\/122715\/"},"modified":"2025-10-23T07:57:07","modified_gmt":"2025-10-23T07:57:07","slug":"guerra-na-ucrania-cimeira-entre-trump-e-putin-sem-data-marcada-rtp","status":"publish","type":"post","link":"https:\/\/www.europesays.com\/pt\/122715\/","title":{"rendered":"Guerra na Ucr\u00e2nia. Cimeira entre Trump e Putin sem data marcada &#8211; RTP"},"content":{"rendered":"<ol>\n<li><a href=\"https:\/\/news.google.com\/rss\/articles\/CBMiqAFBVV95cUxNRUhRbGswYzRYRmc0MmVHSXZCZi1yTDJiQWNyMEFVN095UkdLaldkdkRZVXV2dnFONHlHQWRGZF9leFE4OE5CaGx2cDktZGgzN0JtZFBDWjVVWllkNnNXMWRCWV83YWl2SC1jWWp3eUxDS3ZuRTVuWXlOSjEzUlFEY2pwenZ6ZTU3Y1VPa0Z2aENvQjYyMlhVZ2Y0ekhvd2IyOG4zdktMQXQ?oc=5\" target=\"_blank\" rel=\"nofollow noopener\">Guerra na Ucr\u00e2nia. Cimeira entre Trump e Putin sem data marcada<\/a>&nbsp;&nbsp;RTP<\/li>\n<li><a href=\"https:\/\/news.google.com\/rss\/articles\/CBMisAFBVV95cUxONUNXblMzdlhmeDdoX0tETzB5TmU4bjlrMmlSbHU0VThJMkVqLTFwaGp1NnF1SnM5cVNVVHkxNDJGOThQeGUyZW1JVHRfWHdud19QNjFkOExWMmdubzVZYk84b0ZKcjdkS0lNV3RtTkNyRVpBenkydjVZRi1aTkJycVdDdmUtSmZqd1VES3lVLUJWa2ZMS2hCSC1PWjJtVlNyc0xfQTZ5R1BReTF3NEdQOA?oc=5\" target=\"_blank\" rel=\"nofollow noopener\">Trump diz que cancelou reuni\u00e3o com Putin: &#8220;N\u00e3o pareceu certo para mim&#8221;<\/a>&nbsp;&nbsp;CNN Brasil<\/li>\n<li><a href=\"https:\/\/news.google.com\/rss\/articles\/CBMixAFBVV95cUxPM2tJZkpCOHNOeWNYSFpzeDB6OXZVbXhNUHJTbW1ZMmg5eERxUG96TTRuZ1dRT1FrTXVtN3hhQnZnUnNvZ1RLbFJOdlZobzljTExUSUdQTEJHNDhaek1TUndUYnBRbjV1NGxDaWJkamJjUGRyeFRCenc4cnN4RXBhQ1dDVW9vakxvNUdoNUZTdno4cTc0NmM5SDRyVVhtZGtxMUs3TkxudDZZTXEtUTVLaThJNkZORi1vU0ZhV2dTSk5zZ05C?oc=5\" target=\"_blank\" rel=\"nofollow noopener\">Exig\u00eancias russas sobre a Ucr\u00e2nia travam di\u00e1logo com os Estados Unidos; entenda<\/a>&nbsp;&nbsp;R7<\/li>\n<li><a href=\"https:\/\/news.google.com\/rss\/articles\/CBMiwgFBVV95cUxPM21jLVJ6N08tbEdub3dPSXlUSVNRdGZBQjF2QmxzX24wQUNnbnd0Qy1MN1B0RnM3bEx4dV8tTDZFWkZtYWZVZnNKdFpBNTBDcnlKektsLXRBTEtmWWktV0JwZzd1VTEwTHhfY25qa0pMNzgwejF3NHpXOHJ1WGRJZmJ2QVBrQU9WeUxwUWVOU2hjUzA3NWEtbmlLTWtJQU9LcExDQ3FHMmFHdUo3NjItdUVCUEVsN3plYlRHWV9oTG1kdw?oc=5\" target=\"_blank\" rel=\"nofollow noopener\">A Casa Branca anuncia o cancelamento da c\u00fapula planejada em Budapeste entre Trump e Putin<\/a>&nbsp;&nbsp;Instituto Humanitas Unisinos &#8211; IHU<\/li>\n<li><a href=\"https:\/\/news.google.com\/rss\/articles\/CBMiYEFVX3lxTE9nNGM3OVpoYVdvcjlfWHpOUkNZVjlxQlFxTTlEblBsUjh3Q0RnWnVabHhPTTB3aTVrRkFuZDBCRXZrQ0lqYkpMTUNiblBCQll2OWJWWHQ2SlRMclN2VjRCSQ?oc=5\" target=\"_blank\" rel=\"nofollow noopener\">Diplomacia inst\u00e1vel barra nova c\u00fapula entre Trump e Putin na Hungria<\/a>&nbsp;&nbsp;Metr\u00f3poles<\/li>\n<\/ol>\n","protected":false},"excerpt":{"rendered":"Guerra na Ucr\u00e2nia. Cimeira entre Trump e Putin sem data marcada&nbsp;&nbsp;RTP Trump diz que cancelou reuni\u00e3o com Putin:&hellip;\n","protected":false},"author":2,"featured_media":122716,"comment_status":"","ping_status":"","sticky":false,"template":"","format":"standard","meta":{"footnotes":""},"categories":[50],"tags":[27,28,15,16,14,25,26,21,22,62,12,13,19,20,23,24,420,421,17,18,29,30,31,63,64,65],"class_list":{"0":"post-122715","1":"post","2":"type-post","3":"status-publish","4":"format-standard","5":"has-post-thumbnail","7":"category-mundo","8":"tag-breaking-news","9":"tag-breakingnews","10":"tag-featured-news","11":"tag-featurednews","12":"tag-headlines","13":"tag-latest-news","14":"tag-latestnews","15":"tag-main-news","16":"tag-mainnews","17":"tag-mundo","18":"tag-news","19":"tag-noticias","20":"tag-noticias-principais","21":"tag-noticiasprincipais","22":"tag-principais-noticias","23":"tag-principaisnoticias","24":"tag-rtp","25":"tag-rtp-noticias","26":"tag-top-stories","27":"tag-topstories","28":"tag-ultimas","29":"tag-ultimas-noticias","30":"tag-ultimasnoticias","31":"tag-world","32":"tag-world-news","33":"tag-worldnews"},"share_on_mastodon":{"url":"https:\/\/pubeurope.com\/@pt\/115422419031220650","error":""},"_links":{"self":[{"href":"https:\/\/www.europesays.com\/pt\/wp-json\/wp\/v2\/posts\/122715","targetHints":{"allow":["GET"]}}],"collection":[{"href":"https:\/\/www.europesays.com\/pt\/wp-json\/wp\/v2\/posts"}],"about":[{"href":"https:\/\/www.europesays.com\/pt\/wp-json\/wp\/v2\/types\/post"}],"author":[{"embeddable":true,"href":"https:\/\/www.europesays.com\/pt\/wp-json\/wp\/v2\/users\/2"}],"replies":[{"embeddable":true,"href":"https:\/\/www.europesays.com\/pt\/wp-json\/wp\/v2\/comments?post=122715"}],"version-history":[{"count":0,"href":"https:\/\/www.europesays.com\/pt\/wp-json\/wp\/v2\/posts\/122715\/revisions"}],"wp:featuredmedia":[{"embeddable":true,"href":"https:\/\/www.europesays.com\/pt\/wp-json\/wp\/v2\/media\/122716"}],"wp:attachment":[{"href":"https:\/\/www.europesays.com\/pt\/wp-json\/wp\/v2\/media?parent=122715"}],"wp:term":[{"taxonomy":"category","embeddable":true,"href":"https:\/\/www.europesays.com\/pt\/wp-json\/wp\/v2\/categories?post=122715"},{"taxonomy":"post_tag","embeddable":true,"href":"https:\/\/www.europesays.com\/pt\/wp-json\/wp\/v2\/tags?post=122715"}],"curies":[{"name":"wp","href":"https:\/\/api.w.org\/{rel}","templated":true}]}}