{"id":122717,"date":"2025-10-23T07:58:08","date_gmt":"2025-10-23T07:58:08","guid":{"rendered":"https:\/\/www.europesays.com\/pt\/122717\/"},"modified":"2025-10-23T07:58:08","modified_gmt":"2025-10-23T07:58:08","slug":"funeral-de-pinto-balsemao-realiza-se-no-segundo-dia-de-luto-nacional","status":"publish","type":"post","link":"https:\/\/www.europesays.com\/pt\/122717\/","title":{"rendered":"Funeral de Pinto Balsem\u00e3o realiza-se no segundo dia de luto nacional"},"content":{"rendered":"<p>                <b>Centenas de pessoas, entre as quais figuras da pol\u00edtica, do jornalismo e da televis\u00e3o e an\u00f3nimos, estiveram presentes, durante a tarde de quinta-feira, no vel\u00f3rio de Francisco Pinto Balsem\u00e3o<\/b>. <\/p>\n<p><b>O primeiro-ministro, Lu\u00eds Montenegro, o general Ramalho Eanes, o presidente da Rep\u00fablica, Marcelo Rebelo de Sousa, e o presidente da Assembleia da Rep\u00fablica, Jos\u00e9 Pedro Aguiar-Branco, foram algumas das personalidades que marcaram presen\u00e7a<\/b>. <\/p>\n<p>Estiveram igualmente presentes no vel\u00f3rio <b>os antigos primeiros-ministros Pedro Santana Lopes e Pedro Passos Coelho<\/b>. Do atual Governo passaram pelos Jer\u00f3nimos <b>os ministros dos Neg\u00f3cios Estrangeiros, Paulo Rangel, das Finan\u00e7as, Joaquim Miranda Sarmento, da Justi\u00e7a, Rita Alarc\u00e3o J\u00fadice, do Ambiente e Energia, Gra\u00e7a Carvalho, da Cultura, Juventude e Desporto, Margarida Balseiro Lopes, da Reforma do Estado, Gon\u00e7alo Matias, e das Infraestruturas e Habita\u00e7\u00e3o, Miguel Pinto Luz<\/b>.O antigo primeiro-ministro e fundador do Expresso e da SIC morreu na ter\u00e7a-feira, aos 88 anos.<\/p>\n<p>Compareceram ainda antiga candidata presidencial Ana Gomes, os candidatos a Bel\u00e9m Ant\u00f3nio Jos\u00e9 Seguro, Lu\u00eds Marques Mendes e Jorge Pinto.<\/p>\n<p>Estiveram tamb\u00e9m nos Jer\u00f3nimos os antigos ministros Jo\u00e3o de Deus Pinheiro, Fernando Faria de Oliveira, Bas\u00edlio Horta, Lu\u00eds Pedro Mota Soares, Pedro Siza Vieira, Ant\u00f3nio Vitorino e Guilherme d&#8217;Oliveira Martins, assim como o presidente da C\u00e2mara Municipal de Lisboa, Carlos Moedas.<\/p>\n<p><b>O l\u00edder parlamentar do CDS-PP, Paulo N\u00fancio, e v\u00e1rios membros da bancada do PSD, incluindo a vice-presidente da Assembleia da Rep\u00fablica Teresa Morais, passaram pelo vel\u00f3rio, al\u00e9m de S\u00e9rgio Sousa Pinto, Jo\u00e3o Soares, Isabel Soares, Pedro Roseta, Filipa Roseta e Francisco Lou\u00e7\u00e3<\/b>.<br \/>&#13;<br \/>\nVis\u00e3o \u201ccosmopolita\u201d e \u201cuniversalista\u201d<br \/>&#13;<br \/>\n<b>A Assembleia da Rep\u00fablica cancelou todas as sess\u00f5es plen\u00e1rias prevista para esta semana<\/b>. O pedido foi apresentado pelo PSD e aprovado por todos os partidos com assento parlamentar. <\/p>\n<p>Foi assim adiada, uma vez mais, a discuss\u00e3o da Lei da Nacionalidade em sede de especialidade, que deveria ocorrer esta quinta-feira. Na v\u00e9spera foi  cancelado o debate preparat\u00f3rio do Conselho Europeu.<\/p>\n<p>Entrevistado no Telejornal, <b>o primeiro-ministro quis salientar as marcas que Pinto Balsem\u00e3o deixou no pa\u00eds, tendo sido um dos inspiradores da matriz identit\u00e1ria e ideol\u00f3gica do PPD-PSD<\/b>.<\/p>\n<p>          <img decoding=\"async\" itemprop=\"image\" class=\"img-fluid\"   src=\"https:\/\/www.europesays.com\/pt\/wp-content\/uploads\/2025\/10\/b7c7a48ff345907713b6a564d5e8db3d_N.jpg\"\/><\/p>\n<p><b>Lu\u00eds Montenegro evocou a vis\u00e3o \u201ccosmopolita\u201d e \u201cuniversalista\u201d do \u201cpensamento pol\u00edtico\u201d do antigo governante<\/b> e, em particular, o papel que este desempenhou na revis\u00e3o constitucional de 1982 e no posterior processo de ades\u00e3o de Portugal \u00e0 CEE.<\/p>\n<p>Na leitura do primeiro-ministro e l\u00edder do PSD, a lideran\u00e7a de Francisco Pinto Balsem\u00e3o antecipou uma das d\u00e9cadas mais pr\u00f3speras de Portugal \u2013 j\u00e1 com a governa\u00e7\u00e3o de An\u00edbal Cavaco Silva.<br \/>&#13;<br \/>\n<br \/>&#13;<br \/>\nc\/ Lusa&#13;\n            <\/p>\n","protected":false},"excerpt":{"rendered":"Centenas de pessoas, entre as quais figuras da pol\u00edtica, do jornalismo e da televis\u00e3o e an\u00f3nimos, estiveram presentes,&hellip;\n","protected":false},"author":2,"featured_media":122718,"comment_status":"","ping_status":"","sticky":false,"template":"","format":"standard","meta":{"footnotes":""},"categories":[10],"tags":[27,28,15,16,28067,3562,14,8557,25,26,1447,21,22,588,12,13,19,20,28394,32,1963,3610,23,24,33,17,18,29,30,31,863],"class_list":{"0":"post-122717","1":"post","2":"type-post","3":"status-publish","4":"format-standard","5":"has-post-thumbnail","7":"category-portugal","8":"tag-breaking-news","9":"tag-breakingnews","10":"tag-featured-news","11":"tag-featurednews","12":"tag-francisco-pinto-balsemao","13":"tag-funeral","14":"tag-headlines","15":"tag-jornalistas","16":"tag-latest-news","17":"tag-latestnews","18":"tag-luis-montenegro","19":"tag-main-news","20":"tag-mainnews","21":"tag-marcelo-rebelo-de-sousa","22":"tag-news","23":"tag-noticias","24":"tag-noticias-principais","25":"tag-noticiasprincipais","26":"tag-politicos","27":"tag-portugal","28":"tag-presidente-da-republica","29":"tag-primeiro-ministro","30":"tag-principais-noticias","31":"tag-principaisnoticias","32":"tag-pt","33":"tag-top-stories","34":"tag-topstories","35":"tag-ultimas","36":"tag-ultimas-noticias","37":"tag-ultimasnoticias","38":"tag-velorio"},"share_on_mastodon":{"url":"","error":"Validation failed: Text character limit of 500 exceeded"},"_links":{"self":[{"href":"https:\/\/www.europesays.com\/pt\/wp-json\/wp\/v2\/posts\/122717","targetHints":{"allow":["GET"]}}],"collection":[{"href":"https:\/\/www.europesays.com\/pt\/wp-json\/wp\/v2\/posts"}],"about":[{"href":"https:\/\/www.europesays.com\/pt\/wp-json\/wp\/v2\/types\/post"}],"author":[{"embeddable":true,"href":"https:\/\/www.europesays.com\/pt\/wp-json\/wp\/v2\/users\/2"}],"replies":[{"embeddable":true,"href":"https:\/\/www.europesays.com\/pt\/wp-json\/wp\/v2\/comments?post=122717"}],"version-history":[{"count":0,"href":"https:\/\/www.europesays.com\/pt\/wp-json\/wp\/v2\/posts\/122717\/revisions"}],"wp:featuredmedia":[{"embeddable":true,"href":"https:\/\/www.europesays.com\/pt\/wp-json\/wp\/v2\/media\/122718"}],"wp:attachment":[{"href":"https:\/\/www.europesays.com\/pt\/wp-json\/wp\/v2\/media?parent=122717"}],"wp:term":[{"taxonomy":"category","embeddable":true,"href":"https:\/\/www.europesays.com\/pt\/wp-json\/wp\/v2\/categories?post=122717"},{"taxonomy":"post_tag","embeddable":true,"href":"https:\/\/www.europesays.com\/pt\/wp-json\/wp\/v2\/tags?post=122717"}],"curies":[{"name":"wp","href":"https:\/\/api.w.org\/{rel}","templated":true}]}}