{"id":122728,"date":"2025-10-23T08:15:08","date_gmt":"2025-10-23T08:15:08","guid":{"rendered":"https:\/\/www.europesays.com\/pt\/122728\/"},"modified":"2025-10-23T08:15:08","modified_gmt":"2025-10-23T08:15:08","slug":"precos-das-casas-em-lisboa-correspondem-a-116-do-salario-medio-dos-habitantes","status":"publish","type":"post","link":"https:\/\/www.europesays.com\/pt\/122728\/","title":{"rendered":"Pre\u00e7os das casas em Lisboa correspondem a 116% do sal\u00e1rio m\u00e9dio dos habitantes"},"content":{"rendered":"<p>&#13;<br \/>\n<b>O relat\u00f3rio recolheu informa\u00e7\u00f5es a partir do Deutsche Bank e concluiu que os cidad\u00e3os em Lisboa destinam 116% do sal\u00e1rio para habita\u00e7\u00e3o \u2013 a maior percentagem na Uni\u00e3o Europeia.&#13;<br \/>\n<\/b>&#13;\n<\/p>\n<p>A situa\u00e7\u00e3o apontada pelo Deutsche Bank<b> tem em conta valores para apartamentos no centro das principais cidades europeias e os sal\u00e1rios m\u00e9dios nas mesmas.<\/b><\/p>\n<p>Em Barcelona e Madrid o r\u00e1cio para a habita\u00e7\u00e3o \u00e9 de 74%.<br \/>&#13;<br \/>\n<b><br \/>&#13;<br \/>\nAs tr\u00eas cidades ultrapassam centros urbanos com n\u00edveis de vida considerados superiores, como Viena (37%), o Luxemburgo e Frankfurt (34%) ou Hels\u00ednquia (35%).<\/b><\/p>\n<p>&#13;<br \/>\nO relat\u00f3rio do Conselho Europeu, intitulado &#8220;Um teto, muitas realidades: a complexa crise da habita\u00e7\u00e3o na Europa&#8221;, aponta que este flagelo \u00e9 um &#8220;problema estrutural&#8221; na Uni\u00e3o Europeia, tal como referiu esta quarta-feira o presidente da institui\u00e7\u00e3o europeia, Ant\u00f3nio Costa, depois de uma reuni\u00e3o para discutir esta quest\u00e3o e preparar o debate da reuni\u00e3o de l\u00edderes de quinta-feira. O relat\u00f3rio \u00e9 publicado na v\u00e9spera do in\u00edcio do Conselho Europeu, que pela primeira vez vai discutir a quest\u00e3o da crise da habita\u00e7\u00e3o na Europa, por proposta de Ant\u00f3nio Costa.&#13;\n<\/p>\n<p>Em confer\u00eancia de imprensa conjunta com os presidentes do Comit\u00e9 Europeu das Regi\u00f5es e do Conselho Econ\u00f3mico e Social Europeu, em Bruxelas, <b>Ant\u00f3nio Costa defendeu que \u00e9 necess\u00e1rio resolver o problema da habita\u00e7\u00e3o transversal \u00e0 Uni\u00e3o Europeia e alertou que deixar por resolver este problema vai levar a &#8220;<a href=\"https:\/\/www.rtp.pt\/noticias\/economia\/habitacao-tema-vai-ser-discutido-pela-primeira-vez-em-conselho-europeu_n1692979\" target=\"_blank\" rel=\"nofollow noopener\">consequ\u00eancias negativas<\/a>&#8220;, afetando a competitividade e a confian\u00e7a nas institui\u00e7\u00f5es.<\/b><\/p>\n<p>Ainda que a crise na habita\u00e7\u00e3o tenha &#8220;caracter\u00edsticas locais e varia\u00e7\u00f5es entre regi\u00f5es&#8221;, \u00e9 um problema transversal \u00e0 UE e a m\u00e9dia aumentou 58,33% entre 2015 e o primeiro trimestre de 2025.<br \/>&#13;<br \/>\n<b><br \/>&#13;<br \/>\nA Hungria \u00e9 o pa\u00eds que lidera este crescimento (237%), seguida por Portugal e a Litu\u00e2nia (147%), de acordo com a informa\u00e7\u00e3o disponibilizada pelo Gabinete de Estat\u00edstica da UE (Eurostat).<\/b><\/p>\n<p>Ainda que a habita\u00e7\u00e3o seja uma compet\u00eancia de cada pa\u00eds do bloco comunit\u00e1rio europeu, Ant\u00f3nio Costa considerou que \u00e9 poss\u00edvel resolver o problema com uma abordagem ao n\u00edvel da UE, apontando para o plano que a Comiss\u00e3o Europeia est\u00e1 a desenvolver.<\/p>\n<p><b>&#8220;Apesar de ser uma quest\u00e3o de jurisdi\u00e7\u00e3o nacional, \u00e9 crucial que, como l\u00edderes europeus, consigamos discutir como \u00e9 que podemos complementar esfor\u00e7os&#8221;, sustentou.<\/b><\/p>\n<p>Questionado sobre que papel em concreto \u00e9 que a Uni\u00e3o Europeia, como bloco comunit\u00e1rio, pode intervir, Ant\u00f3nio Costa disse que a &#8220;primeira contribui\u00e7\u00e3o vai ser dar mais margem de manobra para que autoridades nacionais&#8221; possam resolver este problema olhando para as realidades concretas, recorrendo, por exemplo, a fundos europeus.<\/p>\n<p>&#13;<br \/>\nSe houver pa\u00edses a querer investir no &#8220;arrendamento de curta dura\u00e7\u00e3o \u00e9 preciso dar-lhes ferramentas para facilitar isso&#8221;, defendeu.&#13;\n<\/p>\n<p>&#13;<br \/>\nc\/Lusa&#13;<\/p>\n","protected":false},"excerpt":{"rendered":"&#13; O relat\u00f3rio recolheu informa\u00e7\u00f5es a partir do Deutsche Bank e concluiu que os cidad\u00e3os em Lisboa destinam&hellip;\n","protected":false},"author":2,"featured_media":122729,"comment_status":"","ping_status":"","sticky":false,"template":"","format":"standard","meta":{"footnotes":""},"categories":[83],"tags":[88,7962,89,90,456,797,32,33,1977],"class_list":{"0":"post-122728","1":"post","2":"type-post","3":"status-publish","4":"format-standard","5":"has-post-thumbnail","7":"category-empresas","8":"tag-business","9":"tag-conselho-europeu","10":"tag-economy","11":"tag-empresas","12":"tag-habitacao","13":"tag-lisboa","14":"tag-portugal","15":"tag-pt","16":"tag-ue"},"share_on_mastodon":{"url":"https:\/\/pubeurope.com\/@pt\/115422489806989489","error":""},"_links":{"self":[{"href":"https:\/\/www.europesays.com\/pt\/wp-json\/wp\/v2\/posts\/122728","targetHints":{"allow":["GET"]}}],"collection":[{"href":"https:\/\/www.europesays.com\/pt\/wp-json\/wp\/v2\/posts"}],"about":[{"href":"https:\/\/www.europesays.com\/pt\/wp-json\/wp\/v2\/types\/post"}],"author":[{"embeddable":true,"href":"https:\/\/www.europesays.com\/pt\/wp-json\/wp\/v2\/users\/2"}],"replies":[{"embeddable":true,"href":"https:\/\/www.europesays.com\/pt\/wp-json\/wp\/v2\/comments?post=122728"}],"version-history":[{"count":0,"href":"https:\/\/www.europesays.com\/pt\/wp-json\/wp\/v2\/posts\/122728\/revisions"}],"wp:featuredmedia":[{"embeddable":true,"href":"https:\/\/www.europesays.com\/pt\/wp-json\/wp\/v2\/media\/122729"}],"wp:attachment":[{"href":"https:\/\/www.europesays.com\/pt\/wp-json\/wp\/v2\/media?parent=122728"}],"wp:term":[{"taxonomy":"category","embeddable":true,"href":"https:\/\/www.europesays.com\/pt\/wp-json\/wp\/v2\/categories?post=122728"},{"taxonomy":"post_tag","embeddable":true,"href":"https:\/\/www.europesays.com\/pt\/wp-json\/wp\/v2\/tags?post=122728"}],"curies":[{"name":"wp","href":"https:\/\/api.w.org\/{rel}","templated":true}]}}