{"id":122730,"date":"2025-10-23T08:16:16","date_gmt":"2025-10-23T08:16:16","guid":{"rendered":"https:\/\/www.europesays.com\/pt\/122730\/"},"modified":"2025-10-23T08:16:16","modified_gmt":"2025-10-23T08:16:16","slug":"detidos-suspeitos-de-roubar-mais-de-1100-cadeiras-de-restaurantes-em-espanha","status":"publish","type":"post","link":"https:\/\/www.europesays.com\/pt\/122730\/","title":{"rendered":"Detidos suspeitos de roubar mais de 1100 cadeiras de restaurantes em Espanha"},"content":{"rendered":"<p>O grupo \u00e9 suspeito de roubar cadeiras avaliadas em 60 mil euros, entre agosto e setembro, segundo as autoridades.<\/p>\n<p data-remotead-prev-elm=\"true\" data-remotead-elm-id=\"inread\">Os suspeitos, que enfrentam acusa\u00e7\u00f5es de furto e de perten\u00e7a a uma organiza\u00e7\u00e3o criminosa, revenderam as cadeiras em Espanha, mas tamb\u00e9m em Marrocos e na Rom\u00e9nia, informou a pol\u00edcia.<\/p>\n<p>Os detidos alegadamente roubaram cadeiras de 18 estabelecimentos em Madrid e de um munic\u00edpio pr\u00f3ximo, Talavera de la Reina.<\/p>\n<p data-remotead-prev-elm=\"true\" data-remotead-elm-id=\"centro1\">O grupo operava \u00e0s primeiras horas da manh\u00e3, quando os estabelecimentos deixavam os m\u00f3veis empilhados na rua, informou a esquadra de Madrid.<\/p>\n<p>A investiga\u00e7\u00e3o come\u00e7ou em agosto, quando os pol\u00edcias receberam v\u00e1rias queixas de propriet\u00e1rios de restaurantes.<\/p>\n<p data-remotead-prev-elm=\"true\" data-remotead-elm-id=\"centro2\">Os donos dos estabelecimentos disseram que tinham menos cadeiras do que as que tinham deixado empilhadas na noite anterior.<\/p>\n<p>As autoridades espanholas, ap\u00f3s analisarem as den\u00fancias, descobriram que, na madrugada de 13 de agosto, o gangue roubou as cadeiras de cinco estabelecimentos pr\u00f3ximos do bairro madrileno de Latina, em Madrid.<\/p>\n<p data-remotead-prev-elm=\"true\" data-remotead-elm-id=\"centro3\">Os detidos alegadamente cortaram as correntes que prendiam as cadeiras e levaram-nas numa carrinha.<\/p>\n<p>As investiga\u00e7\u00f5es iniciais da Esquadra Provincial de Talavera de la Reina e da Esquadra de Pol\u00edcia de Latina determinaram que o mesmo grupo, que operava nos bairros do sul da capital, Madrid, tamb\u00e9m praticava furtos em Talavera de la Reina.<\/p>\n<p data-remotead-prev-elm=\"true\" data-remotead-elm-id=\"centro4\">A investiga\u00e7\u00e3o foi conclu\u00edda no in\u00edcio de outubro com a identifica\u00e7\u00e3o e deten\u00e7\u00e3o dos sete elementos do grupo, seis homens e uma mulher.<\/p>\n","protected":false},"excerpt":{"rendered":"O grupo \u00e9 suspeito de roubar cadeiras avaliadas em 60 mil euros, entre agosto e setembro, segundo as&hellip;\n","protected":false},"author":2,"featured_media":122731,"comment_status":"","ping_status":"","sticky":false,"template":"","format":"standard","meta":{"footnotes":""},"categories":[50],"tags":[27,28,15,16,14,25,26,6312,21,22,62,12,13,19,20,23,24,5941,17,18,29,30,31,63,64,65],"class_list":{"0":"post-122730","1":"post","2":"type-post","3":"status-publish","4":"format-standard","5":"has-post-thumbnail","7":"category-mundo","8":"tag-breaking-news","9":"tag-breakingnews","10":"tag-featured-news","11":"tag-featurednews","12":"tag-headlines","13":"tag-latest-news","14":"tag-latestnews","15":"tag-madrid","16":"tag-main-news","17":"tag-mainnews","18":"tag-mundo","19":"tag-news","20":"tag-noticias","21":"tag-noticias-principais","22":"tag-noticiasprincipais","23":"tag-principais-noticias","24":"tag-principaisnoticias","25":"tag-roubo","26":"tag-top-stories","27":"tag-topstories","28":"tag-ultimas","29":"tag-ultimas-noticias","30":"tag-ultimasnoticias","31":"tag-world","32":"tag-world-news","33":"tag-worldnews"},"share_on_mastodon":{"url":"https:\/\/pubeurope.com\/@pt\/115422493826398086","error":""},"_links":{"self":[{"href":"https:\/\/www.europesays.com\/pt\/wp-json\/wp\/v2\/posts\/122730","targetHints":{"allow":["GET"]}}],"collection":[{"href":"https:\/\/www.europesays.com\/pt\/wp-json\/wp\/v2\/posts"}],"about":[{"href":"https:\/\/www.europesays.com\/pt\/wp-json\/wp\/v2\/types\/post"}],"author":[{"embeddable":true,"href":"https:\/\/www.europesays.com\/pt\/wp-json\/wp\/v2\/users\/2"}],"replies":[{"embeddable":true,"href":"https:\/\/www.europesays.com\/pt\/wp-json\/wp\/v2\/comments?post=122730"}],"version-history":[{"count":0,"href":"https:\/\/www.europesays.com\/pt\/wp-json\/wp\/v2\/posts\/122730\/revisions"}],"wp:featuredmedia":[{"embeddable":true,"href":"https:\/\/www.europesays.com\/pt\/wp-json\/wp\/v2\/media\/122731"}],"wp:attachment":[{"href":"https:\/\/www.europesays.com\/pt\/wp-json\/wp\/v2\/media?parent=122730"}],"wp:term":[{"taxonomy":"category","embeddable":true,"href":"https:\/\/www.europesays.com\/pt\/wp-json\/wp\/v2\/categories?post=122730"},{"taxonomy":"post_tag","embeddable":true,"href":"https:\/\/www.europesays.com\/pt\/wp-json\/wp\/v2\/tags?post=122730"}],"curies":[{"name":"wp","href":"https:\/\/api.w.org\/{rel}","templated":true}]}}