{"id":122745,"date":"2025-10-23T08:38:11","date_gmt":"2025-10-23T08:38:11","guid":{"rendered":"https:\/\/www.europesays.com\/pt\/122745\/"},"modified":"2025-10-23T08:38:11","modified_gmt":"2025-10-23T08:38:11","slug":"greves-esta-quinta-feira-abrangem-saude-e-educacao","status":"publish","type":"post","link":"https:\/\/www.europesays.com\/pt\/122745\/","title":{"rendered":"Greves esta quinta-feira abrangem sa\u00fade e educa\u00e7\u00e3o"},"content":{"rendered":"<p>As paralisa\u00e7\u00f5es dever\u00e3o ter impacto em v\u00e1rios servi\u00e7os.<\/p>\n<p data-remotead-prev-elm=\"true\" data-remotead-elm-id=\"inread\">A greve que abrange os trabalhadores da sa\u00fade visa reivindicar medidas urgentes para valorizar as carreiras, como a reposi\u00e7\u00e3o de pontos para progress\u00e3o remunerat\u00f3ria.<\/p>\n<p>Est\u00e1 tamb\u00e9m no caderno reivindicativo a contrata\u00e7\u00e3o de pessoal efetivo, para acabar com &#8220;o uso abusivo de turnos suplementares e jornadas de 16 horas consecutivas&#8221;.<\/p>\n<p data-remotead-prev-elm=\"true\" data-remotead-elm-id=\"centro1\">O sindicato reclama ainda um subs\u00eddio de risco para t\u00e9cnicos auxiliares de sa\u00fade e enfermagem e exige o fim do banco de horas e do banco de horas grupal por ades\u00e3o t\u00e1cita, que afirma desregular a vida dos trabalhadores e beneficiar apenas os empregadores.<\/p>\n<p>A greve abrange <strong>todos os trabalhadores da sa\u00fade<\/strong>, incluindo hospitais, centros de sa\u00fade, institutos p\u00fablicos e entidades privadas com contratos com o SNS.<\/p>\n<p data-remotead-prev-elm=\"true\" data-remotead-elm-id=\"centro2\">A greve decretada pelo Sindicato dos Trabalhadores do Estado (STMO) tem por objetivo exigir uma atualiza\u00e7\u00e3o salarial intercalar que tenha por base a taxa de infla\u00e7\u00e3o at\u00e9 ao terceiro trimestre de 2025, entre outras medidas.<\/p>\n<p>Os trabalhadores pretendem a cria\u00e7\u00e3o de um cart\u00e3o de refei\u00e7\u00e3o, com um valor di\u00e1rio de 12 euros, isento de imposto e insistem numa carreira espec\u00edfica de t\u00e9cnico auxiliar de educa\u00e7\u00e3o.<\/p>\n","protected":false},"excerpt":{"rendered":"As paralisa\u00e7\u00f5es dever\u00e3o ter impacto em v\u00e1rios servi\u00e7os. A greve que abrange os trabalhadores da sa\u00fade visa reivindicar&hellip;\n","protected":false},"author":2,"featured_media":122746,"comment_status":"","ping_status":"","sticky":false,"template":"","format":"standard","meta":{"footnotes":""},"categories":[8],"tags":[27,28,2859,15,16,22067,1322,14,25,26,21,22,619,12,13,19,20,32,23,24,33,2649,17,18,29,30,31],"class_list":{"0":"post-122745","1":"post","2":"type-post","3":"status-publish","4":"format-standard","5":"has-post-thumbnail","7":"category-principais-noticias","8":"tag-breaking-news","9":"tag-breakingnews","10":"tag-escolas","11":"tag-featured-news","12":"tag-featurednews","13":"tag-funcao-publica","14":"tag-greve","15":"tag-headlines","16":"tag-latest-news","17":"tag-latestnews","18":"tag-main-news","19":"tag-mainnews","20":"tag-nacional","21":"tag-news","22":"tag-noticias","23":"tag-noticias-principais","24":"tag-noticiasprincipais","25":"tag-portugal","26":"tag-principais-noticias","27":"tag-principaisnoticias","28":"tag-pt","29":"tag-sns","30":"tag-top-stories","31":"tag-topstories","32":"tag-ultimas","33":"tag-ultimas-noticias","34":"tag-ultimasnoticias"},"share_on_mastodon":{"url":"https:\/\/pubeurope.com\/@pt\/115422580226165257","error":""},"_links":{"self":[{"href":"https:\/\/www.europesays.com\/pt\/wp-json\/wp\/v2\/posts\/122745","targetHints":{"allow":["GET"]}}],"collection":[{"href":"https:\/\/www.europesays.com\/pt\/wp-json\/wp\/v2\/posts"}],"about":[{"href":"https:\/\/www.europesays.com\/pt\/wp-json\/wp\/v2\/types\/post"}],"author":[{"embeddable":true,"href":"https:\/\/www.europesays.com\/pt\/wp-json\/wp\/v2\/users\/2"}],"replies":[{"embeddable":true,"href":"https:\/\/www.europesays.com\/pt\/wp-json\/wp\/v2\/comments?post=122745"}],"version-history":[{"count":0,"href":"https:\/\/www.europesays.com\/pt\/wp-json\/wp\/v2\/posts\/122745\/revisions"}],"wp:featuredmedia":[{"embeddable":true,"href":"https:\/\/www.europesays.com\/pt\/wp-json\/wp\/v2\/media\/122746"}],"wp:attachment":[{"href":"https:\/\/www.europesays.com\/pt\/wp-json\/wp\/v2\/media?parent=122745"}],"wp:term":[{"taxonomy":"category","embeddable":true,"href":"https:\/\/www.europesays.com\/pt\/wp-json\/wp\/v2\/categories?post=122745"},{"taxonomy":"post_tag","embeddable":true,"href":"https:\/\/www.europesays.com\/pt\/wp-json\/wp\/v2\/tags?post=122745"}],"curies":[{"name":"wp","href":"https:\/\/api.w.org\/{rel}","templated":true}]}}