{"id":122749,"date":"2025-10-23T08:42:18","date_gmt":"2025-10-23T08:42:18","guid":{"rendered":"https:\/\/www.europesays.com\/pt\/122749\/"},"modified":"2025-10-23T08:42:18","modified_gmt":"2025-10-23T08:42:18","slug":"celso-e-feito-de-otario-e-perde-muito-dinheiro","status":"publish","type":"post","link":"https:\/\/www.europesays.com\/pt\/122749\/","title":{"rendered":"Celso \u00e9 feito de ot\u00e1rio e perde muito dinheiro"},"content":{"rendered":"<p data-start=\"222\" data-end=\"549\">Nos pr\u00f3ximos cap\u00edtulos de <a href=\"https:\/\/natelinha.uol.com.br\/novelas\/eta-mundo-melhor\" rel=\"nofollow noopener\" target=\"_blank\">\u00cata Mundo Melhor<\/a>, Celso (<a href=\"https:\/\/natelinha.uol.com.br\/famosos\/tudo-sobre\/rainer-cadete\" rel=\"nofollow noopener\" target=\"_blank\">Rainer Cadete<\/a>) ser\u00e1 v\u00edtima de uma grande arma\u00e7\u00e3o da pr\u00f3pria irm\u00e3. Sandra (<a href=\"https:\/\/natelinha.uol.com.br\/famosos\/tudo-sobre\/flavia-alessandra\" rel=\"nofollow noopener\" target=\"_blank\">Fl\u00e1via Alessandra<\/a>) vai fingir a pr\u00f3pria morte para escapar da pris\u00e3o, ser\u00e1 sequestrada por Zulma (<a href=\"https:\/\/natelinha.uol.com.br\/famosos\/tudo-sobre\/heloisa-perisse\" rel=\"nofollow noopener\" target=\"_blank\">Helo\u00edsa P\u00e9riss\u00e9<\/a>) e, depois de ser libertada, ainda fugir\u00e1 com o dinheiro do resgate pago pelo irm\u00e3o.<\/p>\n<p data-start=\"551\" data-end=\"962\">A sequ\u00eancia come\u00e7a quando a vil\u00e3 reaparece ap\u00f3s ter enganado toda a fam\u00edlia com a falsa not\u00edcia de sua morte. Para n\u00e3o ser presa, ela ter\u00e1 ingerido uma subst\u00e2ncia que interrompe temporariamente os batimentos card\u00edacos, simulando o \u00f3bito. A farsa ser\u00e1 completa, com direito a funeral e enterro. Assim que recobra os sentidos, Sandra procura Celso para revelar o plano. O irm\u00e3o ficar\u00e1 at\u00f4nito com a frieza dela.<\/p>\n<p data-start=\"551\" data-end=\"962\">+\u00a0<a href=\"https:\/\/natelinha.uol.com.br\/novelas\/2025\/10\/22\/eta-mundo-melhor-sandra-foge-de-cativeiro-e-fica-com-o-dinheiro-do-resgate--232887.php\" target=\"_blank\" rel=\"noopener noreferrer nofollow\">\u00cata Mundo Melhor: Sandra foge de cativeiro e fica com o dinheiro do resgate <\/a><\/p>\n<p data-start=\"964\" data-end=\"1289\">Em seguida, a loira vai atr\u00e1s de Ernesto (<a href=\"https:\/\/natelinha.uol.com.br\/famosos\/tudo-sobre\/eriberto-leao\" rel=\"nofollow noopener\" target=\"_blank\">Eriberto Le\u00e3o<\/a>) para propor uma retomada da antiga parceria de golpes. Mesmo com os desentendimentos anteriores, ela insistir\u00e1 que os dois precisam se unir para conseguir dinheiro. Sandra tamb\u00e9m tentar\u00e1 envolver In\u00eas (Joana Solnado) na empreitada, exigindo que a empregada colabore.<\/p>\n<p data-start=\"1291\" data-end=\"1560\">O plano, no entanto, n\u00e3o sair\u00e1 como o esperado. In\u00eas aproveitar\u00e1 uma distra\u00e7\u00e3o do casal, roubar\u00e1 o dinheiro que eles haviam conseguido e levar\u00e1 consigo um colar da patroa. Em seguida, a portuguesa embarcar\u00e1 para seu pa\u00eds de origem, deixando os comparsas sem recursos.<\/p>\n<p data-start=\"1562\" data-end=\"1914\">Sem alternativas, Sandra voltar\u00e1 a agir sozinha. Ela tentar\u00e1 extorquir Zulma, amea\u00e7ando contar que o filho de Candinho (<a href=\"https:\/\/natelinha.uol.com.br\/famosos\/tudo-sobre\/sergio-guize\" rel=\"nofollow noopener\" target=\"_blank\">Sergio Guiz\u00e9<\/a>), o menino Samir (Davi Malizia), est\u00e1 escondido na Casa dos Anjos. A diretora do orfanato reagir\u00e1 e inverter\u00e1 o jogo. A mulher sequestrar\u00e1 Sandra e a trancar\u00e1 no por\u00e3o, planejando pedir um resgate em dinheiro a Celso.<\/p>\n<p>Fuga de Sandra em \u00cata Mundo Melhor<\/p>\n<p><img decoding=\"async\" loading=\"lazy\" class=\"horizontal\" src=\"https:\/\/www.europesays.com\/pt\/wp-content\/uploads\/2025\/10\/globo-eta-mundo-melhor-sandra_2381.jpeg\" alt=\"imagem-texto\"\/><\/p>\n<p data-start=\"1916\" data-end=\"2135\">Sabendo que o empres\u00e1rio faria qualquer coisa para salvar a irm\u00e3, Zulma entra em contato com ele e negocia o pagamento. Celso aceita entregar a quantia pedida, acreditando que est\u00e1 prestes a recuperar a irm\u00e3 com vida.<\/p>\n<p data-start=\"1916\" data-end=\"2135\">+\u00a0<a href=\"https:\/\/natelinha.uol.com.br\/novelas\/2025\/10\/21\/eta-mundo-melhor-sandra-e-sequestrada-por-zulma-apos-emboscada-232877.php\" target=\"_blank\" rel=\"noopener noreferrer nofollow\">\u00cata Mundo Melhor: Sandra \u00e9 sequestrada por Zulma ap\u00f3s emboscada<\/a><\/p>\n<p data-start=\"2137\" data-end=\"2362\">Mas a situa\u00e7\u00e3o muda quando Fel\u00edcia (Marina Cypriano) descobre o cativeiro e liberta Sandra sem o conhecimento de Zulma. A vil\u00e3 aproveita a confus\u00e3o, recolhe o dinheiro deixado para o resgate e foge antes que algu\u00e9m perceba.<\/p>\n<p data-start=\"2364\" data-end=\"2540\">Zulma percebe tarde demais que foi enganada. J\u00e1 Celso se v\u00ea duplamente prejudicado: al\u00e9m de ter perdido a quantia paga, ele descobre que a pr\u00f3pria irm\u00e3 o manipulou novamente.<\/p>\n","protected":false},"excerpt":{"rendered":"Nos pr\u00f3ximos cap\u00edtulos de \u00cata Mundo Melhor, Celso (Rainer Cadete) ser\u00e1 v\u00edtima de uma grande arma\u00e7\u00e3o da pr\u00f3pria&hellip;\n","protected":false},"author":2,"featured_media":122750,"comment_status":"","ping_status":"","sticky":false,"template":"","format":"standard","meta":{"footnotes":""},"categories":[142],"tags":[3374,114,115,3378,32,33,3381,151,3833],"class_list":{"0":"post-122749","1":"post","2":"type-post","3":"status-publish","4":"format-standard","5":"has-post-thumbnail","7":"category-tv","8":"tag-celso-eta-mundo-melhor","9":"tag-entertainment","10":"tag-entretenimento","11":"tag-eta-mundo-melhor","12":"tag-portugal","13":"tag-pt","14":"tag-sandra-eta-mundo-melhor","15":"tag-tv","16":"tag-zulma-eta-mundo-melhor"},"share_on_mastodon":{"url":"https:\/\/pubeurope.com\/@pt\/115422596024088263","error":""},"_links":{"self":[{"href":"https:\/\/www.europesays.com\/pt\/wp-json\/wp\/v2\/posts\/122749","targetHints":{"allow":["GET"]}}],"collection":[{"href":"https:\/\/www.europesays.com\/pt\/wp-json\/wp\/v2\/posts"}],"about":[{"href":"https:\/\/www.europesays.com\/pt\/wp-json\/wp\/v2\/types\/post"}],"author":[{"embeddable":true,"href":"https:\/\/www.europesays.com\/pt\/wp-json\/wp\/v2\/users\/2"}],"replies":[{"embeddable":true,"href":"https:\/\/www.europesays.com\/pt\/wp-json\/wp\/v2\/comments?post=122749"}],"version-history":[{"count":0,"href":"https:\/\/www.europesays.com\/pt\/wp-json\/wp\/v2\/posts\/122749\/revisions"}],"wp:featuredmedia":[{"embeddable":true,"href":"https:\/\/www.europesays.com\/pt\/wp-json\/wp\/v2\/media\/122750"}],"wp:attachment":[{"href":"https:\/\/www.europesays.com\/pt\/wp-json\/wp\/v2\/media?parent=122749"}],"wp:term":[{"taxonomy":"category","embeddable":true,"href":"https:\/\/www.europesays.com\/pt\/wp-json\/wp\/v2\/categories?post=122749"},{"taxonomy":"post_tag","embeddable":true,"href":"https:\/\/www.europesays.com\/pt\/wp-json\/wp\/v2\/tags?post=122749"}],"curies":[{"name":"wp","href":"https:\/\/api.w.org\/{rel}","templated":true}]}}