{"id":122763,"date":"2025-10-23T08:52:14","date_gmt":"2025-10-23T08:52:14","guid":{"rendered":"https:\/\/www.europesays.com\/pt\/122763\/"},"modified":"2025-10-23T08:52:14","modified_gmt":"2025-10-23T08:52:14","slug":"crime-em-vagos-como-e-que-o-menino-fez-tal-coisa-observador","status":"publish","type":"post","link":"https:\/\/www.europesays.com\/pt\/122763\/","title":{"rendered":"Crime em Vagos. &#8220;Como \u00e9 que o menino fez tal coisa?&#8221; \u2013 Observador"},"content":{"rendered":"<p>Orqu\u00eddea manteve a televis\u00e3o ligada durante quase toda a noite de ter\u00e7a-feira. No ecr\u00e3 repetia-se sem cessar um rosto que conhecia desde crian\u00e7a, o de Susana Gravato, a vereadora da C\u00e2mara Municipal de Vagos morta a tiro na pr\u00f3pria casa durante essa tarde. A not\u00edcia deixou Gafanha da Vagueira, onde a advogada vivia desde os seis anos, em choque. As primeiras informa\u00e7\u00f5es que iam chegando aos moradores e abrindo notici\u00e1rios apontavam para a hip\u00f3tese de um assalto violento, pela forma como a casa tinha sido revirada e um saco de dinheiro encontrado largado no ch\u00e3o. Mas esta quarta-feira de manh\u00e3, a Pol\u00edcia Judici\u00e1ria revelava que identificou o filho de 14 anos da vereadora por \u201cfortes ind\u00edcios da pr\u00e1tica de um crime de homic\u00eddio qualificado\u201d.<\/p>\n<p><strong>\u201cNada fazia prever este desfecho\u201d<\/strong>, foram repetindo ao Observador vizinhos e amigos da vereadora, casada e m\u00e3e de dois filhos. Armindo, dono de uma loja de bicicletas pr\u00f3xima da casa da fam\u00edlia, chegou a pensar que o crime podia ter sido um ato de vingan\u00e7a de algu\u00e9m que pudesse ter sido representado por Susana Gravato, enquanto advogada. Outra moradora, que n\u00e3o quis ser identificada, mal conseguiu dormir na noite passada, a pensar que andaria um assassino \u00e0 solta. E nenhum dos dois consegue compreender como o autor do crime pode ter sido o rapaz que todos descrevem como \u201ceducado\u201d, \u201camoroso\u201d, \u201cmuito bom para os av\u00f3s\u201d. \u201cAi nossa senhora, como \u00e9 que o menino fez tal coisa?\u201d, questiona tamb\u00e9m Orqu\u00eddea, que recorda Susana Gravato como uma m\u00e3e carinhosa. \u201cEla \u00e9 muito, muito boa pessoa\u201d, sublinha. \u201cEra\u201d, for\u00e7a-se por corrigir.<\/p>\n","protected":false},"excerpt":{"rendered":"Orqu\u00eddea manteve a televis\u00e3o ligada durante quase toda a noite de ter\u00e7a-feira. No ecr\u00e3 repetia-se sem cessar um&hellip;\n","protected":false},"author":2,"featured_media":122764,"comment_status":"","ping_status":"","sticky":false,"template":"","format":"standard","meta":{"footnotes":""},"categories":[8],"tags":[1563,27,28,604,15,16,14,300,25,26,21,22,12,13,19,20,57,32,23,24,33,58,17,18,29,30,31],"class_list":{"0":"post-122763","1":"post","2":"type-post","3":"status-publish","4":"format-standard","5":"has-post-thumbnail","7":"category-principais-noticias","8":"tag-aveiro","9":"tag-breaking-news","10":"tag-breakingnews","11":"tag-crime","12":"tag-featured-news","13":"tag-featurednews","14":"tag-headlines","15":"tag-justiu00e7a","16":"tag-latest-news","17":"tag-latestnews","18":"tag-main-news","19":"tag-mainnews","20":"tag-news","21":"tag-noticias","22":"tag-noticias-principais","23":"tag-noticiasprincipais","24":"tag-pau00eds","25":"tag-portugal","26":"tag-principais-noticias","27":"tag-principaisnoticias","28":"tag-pt","29":"tag-sociedade","30":"tag-top-stories","31":"tag-topstories","32":"tag-ultimas","33":"tag-ultimas-noticias","34":"tag-ultimasnoticias"},"share_on_mastodon":{"url":"https:\/\/pubeurope.com\/@pt\/115422635310229796","error":""},"_links":{"self":[{"href":"https:\/\/www.europesays.com\/pt\/wp-json\/wp\/v2\/posts\/122763","targetHints":{"allow":["GET"]}}],"collection":[{"href":"https:\/\/www.europesays.com\/pt\/wp-json\/wp\/v2\/posts"}],"about":[{"href":"https:\/\/www.europesays.com\/pt\/wp-json\/wp\/v2\/types\/post"}],"author":[{"embeddable":true,"href":"https:\/\/www.europesays.com\/pt\/wp-json\/wp\/v2\/users\/2"}],"replies":[{"embeddable":true,"href":"https:\/\/www.europesays.com\/pt\/wp-json\/wp\/v2\/comments?post=122763"}],"version-history":[{"count":0,"href":"https:\/\/www.europesays.com\/pt\/wp-json\/wp\/v2\/posts\/122763\/revisions"}],"wp:featuredmedia":[{"embeddable":true,"href":"https:\/\/www.europesays.com\/pt\/wp-json\/wp\/v2\/media\/122764"}],"wp:attachment":[{"href":"https:\/\/www.europesays.com\/pt\/wp-json\/wp\/v2\/media?parent=122763"}],"wp:term":[{"taxonomy":"category","embeddable":true,"href":"https:\/\/www.europesays.com\/pt\/wp-json\/wp\/v2\/categories?post=122763"},{"taxonomy":"post_tag","embeddable":true,"href":"https:\/\/www.europesays.com\/pt\/wp-json\/wp\/v2\/tags?post=122763"}],"curies":[{"name":"wp","href":"https:\/\/api.w.org\/{rel}","templated":true}]}}