{"id":122769,"date":"2025-10-23T08:56:07","date_gmt":"2025-10-23T08:56:07","guid":{"rendered":"https:\/\/www.europesays.com\/pt\/122769\/"},"modified":"2025-10-23T08:56:07","modified_gmt":"2025-10-23T08:56:07","slug":"vem-ai-em-terra-forte-dudu-beija-rosinha-novelas","status":"publish","type":"post","link":"https:\/\/www.europesays.com\/pt\/122769\/","title":{"rendered":"Vem a\u00ed em \u00abTerra Forte\u00bb: Dudu beija Rosinha &#8211; Novelas"},"content":{"rendered":"<p>Em \u00abTerra Forte\u00bb, Rosa Maria (Cust\u00f3dia Gallego) e Dudu (Tom\u00e1s Taborda) chegam a casa de Flor (Benedita Pereira), com Rosa Maria a ficar desapontada por Rosinha dizer que a m\u00e3e n\u00e3o est\u00e1 em casa. Rosa Maria sorri emocionada por Rosinha dizer que tem uma irm\u00e3, ficando a ver embevecida as fotografias da fam\u00edlia.<\/p>\n<p>Rosa Maria reitera a Rosinha n\u00e3o haver problemas em esperar que a m\u00e3e dela chegue por estar com tempo. Dudu aproveita estar a s\u00f3s com Rosinha para a beijar. Rosinha espreita \u00e0 janela, v\u00ea que a m\u00e3e chegou.<\/p>\n<p>De relembrar que Rosinha salvou a vida de Dudu e que foi assim que se conheceram:<\/p>\n","protected":false},"excerpt":{"rendered":"Em \u00abTerra Forte\u00bb, Rosa Maria (Cust\u00f3dia Gallego) e Dudu (Tom\u00e1s Taborda) chegam a casa de Flor (Benedita Pereira),&hellip;\n","protected":false},"author":2,"featured_media":122770,"comment_status":"","ping_status":"","sticky":false,"template":"","format":"standard","meta":{"footnotes":""},"categories":[142],"tags":[160,166,18259,7094,114,115,157,167,27915,164,161,158,165,159,32,33,156,27871,27917,18614,163,27916,151,162],"class_list":{"0":"post-122769","1":"post","2":"type-post","3":"status-publish","4":"format-standard","5":"has-post-thumbnail","7":"category-tv","8":"tag-ana-guiomar","9":"tag-cristina-ferreira","10":"tag-custodia-gallego","11":"tag-dudu","12":"tag-entertainment","13":"tag-entretenimento","14":"tag-festa-e-festa","15":"tag-ficcao","16":"tag-francisca-salgado","17":"tag-jose-fidalgo","18":"tag-novelas","19":"tag-para-sempre","20":"tag-pedro-sousa","21":"tag-pedro-teixeira","22":"tag-portugal","23":"tag-pt","24":"tag-queridos-papas","25":"tag-rosa-maria","26":"tag-rosinha","27":"tag-terra-forte","28":"tag-tiago-teotonio-pereira","29":"tag-tomas-taborda","30":"tag-tv","31":"tag-tvi"},"share_on_mastodon":{"url":"https:\/\/pubeurope.com\/@pt\/115422650894715185","error":""},"_links":{"self":[{"href":"https:\/\/www.europesays.com\/pt\/wp-json\/wp\/v2\/posts\/122769","targetHints":{"allow":["GET"]}}],"collection":[{"href":"https:\/\/www.europesays.com\/pt\/wp-json\/wp\/v2\/posts"}],"about":[{"href":"https:\/\/www.europesays.com\/pt\/wp-json\/wp\/v2\/types\/post"}],"author":[{"embeddable":true,"href":"https:\/\/www.europesays.com\/pt\/wp-json\/wp\/v2\/users\/2"}],"replies":[{"embeddable":true,"href":"https:\/\/www.europesays.com\/pt\/wp-json\/wp\/v2\/comments?post=122769"}],"version-history":[{"count":0,"href":"https:\/\/www.europesays.com\/pt\/wp-json\/wp\/v2\/posts\/122769\/revisions"}],"wp:featuredmedia":[{"embeddable":true,"href":"https:\/\/www.europesays.com\/pt\/wp-json\/wp\/v2\/media\/122770"}],"wp:attachment":[{"href":"https:\/\/www.europesays.com\/pt\/wp-json\/wp\/v2\/media?parent=122769"}],"wp:term":[{"taxonomy":"category","embeddable":true,"href":"https:\/\/www.europesays.com\/pt\/wp-json\/wp\/v2\/categories?post=122769"},{"taxonomy":"post_tag","embeddable":true,"href":"https:\/\/www.europesays.com\/pt\/wp-json\/wp\/v2\/tags?post=122769"}],"curies":[{"name":"wp","href":"https:\/\/api.w.org\/{rel}","templated":true}]}}