{"id":122779,"date":"2025-10-23T09:04:18","date_gmt":"2025-10-23T09:04:18","guid":{"rendered":"https:\/\/www.europesays.com\/pt\/122779\/"},"modified":"2025-10-23T09:04:18","modified_gmt":"2025-10-23T09:04:18","slug":"o-unico-pais-sem-mosquitos-acordou-com-mosquitos-e-a-culpa-nao-e-do-calor","status":"publish","type":"post","link":"https:\/\/www.europesays.com\/pt\/122779\/","title":{"rendered":"O \u00fanico pa\u00eds sem mosquitos acordou com mosquitos (e a culpa n\u00e3o \u00e9 do calor)"},"content":{"rendered":"<p class=\"wp-caption-text top\"><a href=\"https:\/\/upload.wikimedia.org\/wikipedia\/commons\/thumb\/3\/34\/Culiseta_annulata_female_lateral_Chorzow.jpg\/960px-Culiseta_annulata_female_lateral_Chorzow.jpg\" rel=\"nofollow external noopener noreferrer\" data-wpel-link=\"external\" target=\"_blank\" class=\"ext-link\">Adrian Tync\/Wikimedia Commons<\/a><\/p>\n<p><img decoding=\"async\" loading=\"lazy\" class=\"wp-image-707407 size-kopa-image-size-3\" src=\"https:\/\/www.europesays.com\/pt\/wp-content\/uploads\/2025\/10\/77226fe2a78c1c6df0a58f399d4817cf-783x450.jpg\" alt=\"\" width=\"700\" height=\"402\"  \/><\/p>\n<p class=\"wp-caption-text bot\">Culiseta annulata, o inseto identificado na capital islandesa.<\/p>\n<p><strong>Isl\u00e2ndia, o \u00faltimo reduto para al\u00e9m da Ant\u00e1rtida, foi invadido. Culiseta annulata pode n\u00e3o estar s\u00f3 \u201cde f\u00e9rias\u201d.<\/strong><\/p>\n<p>A <strong>Isl\u00e2ndia<\/strong>, considerada o <a href=\"https:\/\/zap.aeiou.pt\/so-ha-um-pais-no-mundo-sem-mosquitos-para-ja-698073\" data-wpel-link=\"internal\" rel=\"nofollow noopener\" target=\"_blank\">\u00fanico pa\u00eds do mundo sem mosquitos<\/a>, acaba de detetar exemplares destes insetos no seu territ\u00f3rio. Pode ser um sinal de algo mais grave do que pode parecer, mas tamb\u00e9m pode ser um mero acaso.<\/p>\n<p>Tr\u00eas exemplares da esp\u00e9cie <strong>Culiseta annulata<\/strong> \u2014 duas f\u00eameas e um macho \u2014 foram detetadas a cerca de 30 quil\u00f3metros de Reiquiavique, a capital do pa\u00eds, confirmou o entom\u00f3logo Matthias Alfredsson, do Instituto Island\u00eas de Ci\u00eancias Naturais, \u00e0 AFP, esta quarta-feira. Os tr\u00eas foram apanhados em armadilhas de <strong>cordas embebidas em vinho<\/strong>, um m\u00e9todo que utiliza vinho aquecido com a\u00e7\u00facar para atrair insetos<\/p>\n<p>Tudo isto acontece pouco tempo depois de a Isl\u00e2ndia bater um<strong> recorde de temperatura<\/strong>, na primavera: viveu pela primeira vez mais de 10 dias consecutivos com temperaturas acima dos 20\u00baC, tendo ultrapassado os 26\u00baC em certas zonas.<\/p>\n<p>\u201cPercebi imediatamente que isto era algo que <strong>nunca tinha visto antes<\/strong>\u201c, escreveu nas redes sociais o entusiasta Bjorn Hjaltason, que encontrou os mosquitos num vale glaciar, citado pelo jornal island\u00eas Morgunbla\u00f0i\u00f0: \u201ca \u00faltima fortaleza parece ter ca\u00eddo\u201d.<\/p>\n<p>At\u00e9 ent\u00e3o, tanto quanto se sabia, apenas na Ant\u00e1rtida e na Isl\u00e2ndia se vivia 100% livre de mosquitos. Alfredsson garante que este \u00e9 o <strong>primeiro registo de mosquitos em ambiente natural na ilha<\/strong>, depois de um exemplar isolado da esp\u00e9cie Aedes nigripes, t\u00edpica do \u00c1rtico, ter sido encontrado num avi\u00e3o no aeroporto de Keflavik, mas entretanto perdido.<\/p>\n<p>Os insetos <strong>dever\u00e3o ter chegado recentemente ao pa\u00eds, por barco ou contentor<\/strong>, especula o investigador. Agora, a sua presen\u00e7a ser\u00e1 monitorizada na pr\u00f3xima primavera para avaliar uma eventual propaga\u00e7\u00e3o.<\/p>\n<p>O aquecimento global foi a primeira suspeita de praticamente toda a gente, mas o investigador n\u00e3o acredita que as altera\u00e7\u00f5es clim\u00e1ticas sejam as (\u00fanicas) culpadas.<\/p>\n<p>A esp\u00e9cie em causa est\u00e1 bem adaptada a climas frios e suporta longos invernos com temperaturas abaixo dos zero graus. Ali\u00e1s, pode at\u00e9 ser encontrada na g\u00e9lida <a href=\"https:\/\/zap.aeiou.pt\/tag\/siberia\" data-wpel-link=\"internal\" rel=\"nofollow noopener\" target=\"_blank\">Sib\u00e9ria<\/a>. Mas, claro, \u201c\u00e9 prov\u00e1vel que o aumento das temperaturas aumente o potencial de outras esp\u00e9cies de mosquitos se estabelecerem na Isl\u00e2ndia, caso cheguem\u201d.<\/p>\n<p>\u00c9, por isso, poss\u00edvel que a Culiseta annulata tenha chegado \u00e0 Isl\u00e2ndia para ficar.<\/p>\n<p style=\"padding-left: 25px; margin-bottom: 10; font-family: Roboto, Arial, Helvetica, sans-serif; font-size: 15px\">&#13;<br \/>\n        Tom\u00e1s Guimar\u00e3es, ZAP \/\/ <a href=\"\" data-wpel-link=\"internal\"\/>&#13;\n    <\/p>\n<p>    <a href=\"https:\/\/zap.aeiou.pt\/subscrever-newsletter\" data-wpel-link=\"internal\" rel=\"nofollow noopener\" target=\"_blank\">&#13;<br \/>\n        <img loading=\"lazy\" decoding=\"async\" class=\"aligncenter size-full wp-image-575475\" src=\"https:\/\/www.europesays.com\/pt\/wp-content\/uploads\/2025\/10\/1759862234_971_2d51fe4a0ba54894421ead1809309ed9-1-450x140.jpg\" alt=\"Subscreva a Newsletter ZAP\" width=\"450\" height=\"140\"\/>&#13;<br \/>\n    <\/a><\/p>\n<p>                <a href=\"https:\/\/whatsapp.com\/channel\/0029VaIC4EE2f3EJZPPSbR34\" data-wpel-link=\"external\" target=\"_blank\" rel=\"nofollow external noopener noreferrer\" class=\"ext-link\">&#13;<br \/>\n                    <img loading=\"lazy\" decoding=\"async\" class=\"aligncenter size-full wp-image-575475\" src=\"https:\/\/www.europesays.com\/pt\/wp-content\/uploads\/2025\/10\/1759862234_512_c68c559d956d4ca20f435ed74a6e71e6.png\" alt=\"Siga-nos no WhatsApp\" width=\"175\" height=\"64\"\/>&#13;<br \/>\n                <\/a><\/p>\n<p>                <a href=\"https:\/\/news.google.com\/publications\/CAAiEHRwZondIV71PDjWNoqMduEqFAgKIhB0cGaJ3SFe9Tw41jaKjHbh?hl=en-US&amp;gl=US&amp;ceid=US%3Aen\" data-wpel-link=\"external\" target=\"_blank\" rel=\"nofollow external noopener noreferrer\" class=\"ext-link\">&#13;<br \/>\n                    <img loading=\"lazy\" decoding=\"async\" class=\"aligncenter size-full wp-image-575475\" src=\"https:\/\/www.europesays.com\/pt\/wp-content\/uploads\/2025\/10\/1759862235_242_5123dd8b087b644fdb8f8603acd1bad4.png\" alt=\"Siga-nos no Google News\" width=\"176\" height=\"64\"\/>&#13;<br \/>\n                <\/a><\/p>\n","protected":false},"excerpt":{"rendered":"Adrian Tync\/Wikimedia Commons Culiseta annulata, o inseto identificado na capital islandesa. Isl\u00e2ndia, o \u00faltimo reduto para al\u00e9m da&hellip;\n","protected":false},"author":2,"featured_media":122780,"comment_status":"","ping_status":"","sticky":false,"template":"","format":"standard","meta":{"footnotes":""},"categories":[50],"tags":[964,1353,5291,2780,27,28,2271,25303,15,16,14,3534,8282,25,26,21,22,62,12,13,19,20,23,24,17,18,29,30,31,63,64,65],"class_list":{"0":"post-122779","1":"post","2":"type-post","3":"status-publish","4":"format-standard","5":"has-post-thumbnail","7":"category-mundo","8":"tag-ambiente","9":"tag-animais","10":"tag-aquecimento-global","11":"tag-biodiversidade","12":"tag-breaking-news","13":"tag-breakingnews","14":"tag-clima","15":"tag-entomologia","16":"tag-featured-news","17":"tag-featurednews","18":"tag-headlines","19":"tag-insetos","20":"tag-islandia","21":"tag-latest-news","22":"tag-latestnews","23":"tag-main-news","24":"tag-mainnews","25":"tag-mundo","26":"tag-news","27":"tag-noticias","28":"tag-noticias-principais","29":"tag-noticiasprincipais","30":"tag-principais-noticias","31":"tag-principaisnoticias","32":"tag-top-stories","33":"tag-topstories","34":"tag-ultimas","35":"tag-ultimas-noticias","36":"tag-ultimasnoticias","37":"tag-world","38":"tag-world-news","39":"tag-worldnews"},"share_on_mastodon":{"url":"","error":"Validation failed: Text character limit of 500 exceeded"},"_links":{"self":[{"href":"https:\/\/www.europesays.com\/pt\/wp-json\/wp\/v2\/posts\/122779","targetHints":{"allow":["GET"]}}],"collection":[{"href":"https:\/\/www.europesays.com\/pt\/wp-json\/wp\/v2\/posts"}],"about":[{"href":"https:\/\/www.europesays.com\/pt\/wp-json\/wp\/v2\/types\/post"}],"author":[{"embeddable":true,"href":"https:\/\/www.europesays.com\/pt\/wp-json\/wp\/v2\/users\/2"}],"replies":[{"embeddable":true,"href":"https:\/\/www.europesays.com\/pt\/wp-json\/wp\/v2\/comments?post=122779"}],"version-history":[{"count":0,"href":"https:\/\/www.europesays.com\/pt\/wp-json\/wp\/v2\/posts\/122779\/revisions"}],"wp:featuredmedia":[{"embeddable":true,"href":"https:\/\/www.europesays.com\/pt\/wp-json\/wp\/v2\/media\/122780"}],"wp:attachment":[{"href":"https:\/\/www.europesays.com\/pt\/wp-json\/wp\/v2\/media?parent=122779"}],"wp:term":[{"taxonomy":"category","embeddable":true,"href":"https:\/\/www.europesays.com\/pt\/wp-json\/wp\/v2\/categories?post=122779"},{"taxonomy":"post_tag","embeddable":true,"href":"https:\/\/www.europesays.com\/pt\/wp-json\/wp\/v2\/tags?post=122779"}],"curies":[{"name":"wp","href":"https:\/\/api.w.org\/{rel}","templated":true}]}}