{"id":122786,"date":"2025-10-23T09:09:14","date_gmt":"2025-10-23T09:09:14","guid":{"rendered":"https:\/\/www.europesays.com\/pt\/122786\/"},"modified":"2025-10-23T09:09:14","modified_gmt":"2025-10-23T09:09:14","slug":"cynthia-araujo-lanca-nesta-quinta-23-10-a-nova-edicao-de-a-vida-afinal","status":"publish","type":"post","link":"https:\/\/www.europesays.com\/pt\/122786\/","title":{"rendered":"Cynthia Ara\u00fajo lan\u00e7a nesta quinta (23\/10) a nova edi\u00e7\u00e3o de &#8220;A vida afinal&#8221;"},"content":{"rendered":"<p class=\"texto\">A escritora <strong><a href=\"https:\/\/www.em.com.br\/app\/noticia\/saude-e-bem-viver\/2023\/08\/20\/interna_bem_viver,1547690\/autora-aborda-com-leveza-e-sensibilidade-a-vida-e-a-proximidade-da-morte.shtml\" rel=\"nofollow noopener\" target=\"_blank\">Cynthia Ara\u00fajo<\/a><\/strong> lan\u00e7a nova edi\u00e7\u00e3o de \u201cA vida afinal: conversas dif\u00edceis demais para se ter em voz alta\u201d (Editora Oficina Raquel), nesta quinta-feira (24\/10), \u00e0s 19h, na Quixote Livraria e Caf\u00e9 (Rua Fernandes Tourinho, 274 \u2013 Savassi). A\u00a0 autora participa de bate-papo com a escritora mineira Marcela Dant\u00e9s e a m\u00e9dica paliativista Sarah Ananda.<\/p>\n<p class=\"texto\">O livro mergulha na hist\u00f3ria de 48 pacientes brasileiros e alem\u00e3es com c\u00e2ncer metast\u00e1tico. Tamb\u00e9m analisa artigos cient\u00edficos sobre diagn\u00f3sticos graves, falsas expectativas, tratamentos paliativos e sil\u00eancios que, prolongados, podem custar mais do que a vida, afetando a dignidade do paciente.<\/p>\n<p class=\"texto\">A obra prop\u00f5e o di\u00e1logo sobre finitude, autonomia e humanidade. Cynthia atravessa os limites entre ci\u00eancia e afeto para construir uma narrativa que n\u00e3o se resume ao morrer, mas ao viver, com consci\u00eancia, at\u00e9 o fim.<\/p>\n<p class=\"texto\">O texto de apresenta\u00e7\u00e3o de \u201cA vida afinal\u201d \u00e9 da escritora Mariana Salom\u00e3o Carrara, vencedora do Pr\u00eamio S\u00e3o Paulo de Literatura em 2023.<\/p>\n<p class=\"texto\"><strong>\u201cA VIDA AFINAL: CONVERSAS DIF\u00cdCEIS DEMAIS PARA SE TER EM VOZ ALTA\u201d<\/strong><br \/>De Cynthia Ara\u00fajo<br \/>Editora Oficina Raquel<br \/>180 p\u00e1ginas<br \/>Pre\u00e7o: R$ 59,90<\/p>\n","protected":false},"excerpt":{"rendered":"A escritora Cynthia Ara\u00fajo lan\u00e7a nova edi\u00e7\u00e3o de \u201cA vida afinal: conversas dif\u00edceis demais para se ter em&hellip;\n","protected":false},"author":2,"featured_media":122787,"comment_status":"","ping_status":"","sticky":false,"template":"","format":"standard","meta":{"footnotes":""},"categories":[143],"tags":[169,114,115,271,864,237,170,32,33,28398],"class_list":{"0":"post-122786","1":"post","2":"type-post","3":"status-publish","4":"format-standard","5":"has-post-thumbnail","7":"category-livros","8":"tag-books","9":"tag-entertainment","10":"tag-entretenimento","11":"tag-lancamento","12":"tag-literatura","13":"tag-livro","14":"tag-livros","15":"tag-portugal","16":"tag-pt","17":"tag-quixote-livraria"},"share_on_mastodon":{"url":"https:\/\/pubeurope.com\/@pt\/115422702112456694","error":""},"_links":{"self":[{"href":"https:\/\/www.europesays.com\/pt\/wp-json\/wp\/v2\/posts\/122786","targetHints":{"allow":["GET"]}}],"collection":[{"href":"https:\/\/www.europesays.com\/pt\/wp-json\/wp\/v2\/posts"}],"about":[{"href":"https:\/\/www.europesays.com\/pt\/wp-json\/wp\/v2\/types\/post"}],"author":[{"embeddable":true,"href":"https:\/\/www.europesays.com\/pt\/wp-json\/wp\/v2\/users\/2"}],"replies":[{"embeddable":true,"href":"https:\/\/www.europesays.com\/pt\/wp-json\/wp\/v2\/comments?post=122786"}],"version-history":[{"count":0,"href":"https:\/\/www.europesays.com\/pt\/wp-json\/wp\/v2\/posts\/122786\/revisions"}],"wp:featuredmedia":[{"embeddable":true,"href":"https:\/\/www.europesays.com\/pt\/wp-json\/wp\/v2\/media\/122787"}],"wp:attachment":[{"href":"https:\/\/www.europesays.com\/pt\/wp-json\/wp\/v2\/media?parent=122786"}],"wp:term":[{"taxonomy":"category","embeddable":true,"href":"https:\/\/www.europesays.com\/pt\/wp-json\/wp\/v2\/categories?post=122786"},{"taxonomy":"post_tag","embeddable":true,"href":"https:\/\/www.europesays.com\/pt\/wp-json\/wp\/v2\/tags?post=122786"}],"curies":[{"name":"wp","href":"https:\/\/api.w.org\/{rel}","templated":true}]}}