{"id":122806,"date":"2025-10-23T09:24:08","date_gmt":"2025-10-23T09:24:08","guid":{"rendered":"https:\/\/www.europesays.com\/pt\/122806\/"},"modified":"2025-10-23T09:24:08","modified_gmt":"2025-10-23T09:24:08","slug":"vem-ai-em-terra-forte-o-reencontro-de-flor-e-a-mae-rosa-maria-ao-fim-de-20-anos-novelas","status":"publish","type":"post","link":"https:\/\/www.europesays.com\/pt\/122806\/","title":{"rendered":"Vem a\u00ed em \u00abTerra Forte\u00bb: O reencontro de Flor e a m\u00e3e, Rosa Maria, ao fim de 20 anos &#8211; Novelas"},"content":{"rendered":"<p>Em \u00abTerra Forte\u00bb, Flor (Benedita Pereira) entra em casa, ficando surpresa por ver Dudu (Tom\u00e1 Taborda) ali. Dudu explica que veio ali com a sua av\u00f3 por afinal irem passar mais uns dias nos A\u00e7ores e quererem que Rosinha (Francisca Salgado) os acompanhe. Rosa Maria (Cust\u00f3dia Gallego) surge e olha muito emocionada para Flor, que gela com a presen\u00e7a inesperada da m\u00e3e.<\/p>\n<p>Flor cont\u00e9m as suas emo\u00e7\u00f5es, fingindo n\u00e3o conhecer Rosa Maria. Esta pede aos jovens para ficar a s\u00f3s com Flor, abra\u00e7ando-a de imediato cheia de saudades mal se v\u00eam a s\u00f3s. Flor permanece at\u00f3nita de choque.<\/p>\n<p>Flor afasta-se de Rosa Maria a dizer que ela est\u00e1 a fazer confus\u00e3o, n\u00e3o sendo ela a pessoa que ela pensa. Rosa Maria fica incr\u00e9dula. Sammy (Jos\u00e9 Fidalgo) continua a observar tudo pela janela.<\/p>\n<p>Flor diz a Rosa Maria que ela est\u00e1 mesmo enganada sobre ser filha dela, argumentando que ela est\u00e1 a projetar nela o grande desejo que tem de encontr\u00e1-la. Rosa Maria redargue que cora\u00e7\u00e3o de m\u00e3e n\u00e3o mente, e saber que ela \u00e9 Flor. Ant\u00f3nio (Jo\u00e3o Catarr\u00e9) chega, com Rosa Maria a apresentar-se de imediato como m\u00e3e de Flor.<\/p>\n<p>Rosa Maria continua a insistir que Flor \u00e9 mesmo a sua filha desaparecida. Flor corta a dizer a Rosa Maria que n\u00e3o pode ir para ali desestabilizar a sua fam\u00edlia, seguindo para o quarto.<\/p>\n<p>Flor tranca-se no quarto, recusando abrir a porta a Rosa Maria, que lhe pede que n\u00e3o a afaste. Flor cai no ch\u00e3o a chorar, abalada.<\/p>\n<p>De recordar que, agora, Flor faz uma vida com Ant\u00f3nio, o seu marido:<\/p>\n","protected":false},"excerpt":{"rendered":"Em \u00abTerra Forte\u00bb, Flor (Benedita Pereira) entra em casa, ficando surpresa por ver Dudu (Tom\u00e1 Taborda) ali. Dudu&hellip;\n","protected":false},"author":2,"featured_media":122807,"comment_status":"","ping_status":"","sticky":false,"template":"","format":"standard","meta":{"footnotes":""},"categories":[142],"tags":[160,27121,7951,166,18259,114,115,157,167,978,2727,164,161,158,165,159,32,33,156,27871,18614,163,151,162],"class_list":{"0":"post-122806","1":"post","2":"type-post","3":"status-publish","4":"format-standard","5":"has-post-thumbnail","7":"category-tv","8":"tag-ana-guiomar","9":"tag-antonio","10":"tag-benedita-pereira","11":"tag-cristina-ferreira","12":"tag-custodia-gallego","13":"tag-entertainment","14":"tag-entretenimento","15":"tag-festa-e-festa","16":"tag-ficcao","17":"tag-flor","18":"tag-joao-catarre","19":"tag-jose-fidalgo","20":"tag-novelas","21":"tag-para-sempre","22":"tag-pedro-sousa","23":"tag-pedro-teixeira","24":"tag-portugal","25":"tag-pt","26":"tag-queridos-papas","27":"tag-rosa-maria","28":"tag-terra-forte","29":"tag-tiago-teotonio-pereira","30":"tag-tv","31":"tag-tvi"},"share_on_mastodon":{"url":"https:\/\/pubeurope.com\/@pt\/115422761018112499","error":""},"_links":{"self":[{"href":"https:\/\/www.europesays.com\/pt\/wp-json\/wp\/v2\/posts\/122806","targetHints":{"allow":["GET"]}}],"collection":[{"href":"https:\/\/www.europesays.com\/pt\/wp-json\/wp\/v2\/posts"}],"about":[{"href":"https:\/\/www.europesays.com\/pt\/wp-json\/wp\/v2\/types\/post"}],"author":[{"embeddable":true,"href":"https:\/\/www.europesays.com\/pt\/wp-json\/wp\/v2\/users\/2"}],"replies":[{"embeddable":true,"href":"https:\/\/www.europesays.com\/pt\/wp-json\/wp\/v2\/comments?post=122806"}],"version-history":[{"count":0,"href":"https:\/\/www.europesays.com\/pt\/wp-json\/wp\/v2\/posts\/122806\/revisions"}],"wp:featuredmedia":[{"embeddable":true,"href":"https:\/\/www.europesays.com\/pt\/wp-json\/wp\/v2\/media\/122807"}],"wp:attachment":[{"href":"https:\/\/www.europesays.com\/pt\/wp-json\/wp\/v2\/media?parent=122806"}],"wp:term":[{"taxonomy":"category","embeddable":true,"href":"https:\/\/www.europesays.com\/pt\/wp-json\/wp\/v2\/categories?post=122806"},{"taxonomy":"post_tag","embeddable":true,"href":"https:\/\/www.europesays.com\/pt\/wp-json\/wp\/v2\/tags?post=122806"}],"curies":[{"name":"wp","href":"https:\/\/api.w.org\/{rel}","templated":true}]}}