{"id":122810,"date":"2025-10-23T09:27:07","date_gmt":"2025-10-23T09:27:07","guid":{"rendered":"https:\/\/www.europesays.com\/pt\/122810\/"},"modified":"2025-10-23T09:27:07","modified_gmt":"2025-10-23T09:27:07","slug":"atleta-portuguesa-suspensa-por-recusar-fazer-teste-de-verificacao-de-sexo","status":"publish","type":"post","link":"https:\/\/www.europesays.com\/pt\/122810\/","title":{"rendered":"Atleta portuguesa suspensa por recusar fazer teste de verifica\u00e7\u00e3o de sexo"},"content":{"rendered":"<p>A Federa\u00e7\u00e3o Internacional de Nata\u00e7\u00e3o suspendeu a portuguesa Hannah Caldas de qualquer prova feminina de nata\u00e7\u00e3o, no espa\u00e7o de cinco anos, ap\u00f3s se ter recusado a fazer um teste de verifica\u00e7\u00e3o de sexo.<\/p>\n<p>Nascida em Vizela, a nadadora portuguesa de 47 anos, que reside na Calif\u00f3rnia (Estados Unidos), deu que falar ao vencer diversas competi\u00e7\u00f5es de remo nos \u00faltimos anos, com destaque para os t\u00edtulos mundiais de 500 e 1000 metros na vertente\u00a0indoor, que culminaram num novo recorde mundial (3m11.01s nos 1000 metros).\u00a0<\/p>\n<p>Na sequ\u00eancia desta decis\u00e3o, a pr\u00f3pria Federa\u00e7\u00e3o de Nata\u00e7\u00e3o de Nova Iorque emitiu um comunicado a explicar todos os procedimentos e, pelo meio, divulgou declara\u00e7\u00f5es de Hannah Caldas, que garantiu que o teste n\u00e3o era \u00abmedicamente necess\u00e1rio\u00bb.<\/p>\n<p>\u00abO meu seguro recusa-se a cobrir um teste deste g\u00e9nero, j\u00e1 que n\u00e3o \u00e9 medicamente necess\u00e1rio. Nenhum estado americano exige testes gen\u00e9ticos para eventos desportivos como estes, nem mesmo a US Masters Swimming, entidade reguladora nacional da nata\u00e7\u00e3o no pa\u00eds\u00bb, afirmou.<\/p>\n<p>Esta suspens\u00e3o ser\u00e1 v\u00e1lida at\u00e9 outubro de 2030 e, por consequ\u00eancia, todos os resultados obtidos pela atleta entre junho de 2022 e outubro do ano passado ser\u00e3o anulados.\u00a0<\/p>\n","protected":false},"excerpt":{"rendered":"A Federa\u00e7\u00e3o Internacional de Nata\u00e7\u00e3o suspendeu a portuguesa Hannah Caldas de qualquer prova feminina de nata\u00e7\u00e3o, no espa\u00e7o&hellip;\n","protected":false},"author":2,"featured_media":122811,"comment_status":"","ping_status":"","sticky":false,"template":"","format":"standard","meta":{"footnotes":""},"categories":[87],"tags":[8491,135,28399,28400,46,1830,32,33,47,134,3757,28401],"class_list":{"0":"post-122810","1":"post","2":"type-post","3":"status-publish","4":"format-standard","5":"has-post-thumbnail","7":"category-desporto","8":"tag-canoagem","9":"tag-desporto","10":"tag-federacao-internacional-de-natacao","11":"tag-hannah-caldas","12":"tag-maisfutebol","13":"tag-modalidades","14":"tag-portugal","15":"tag-pt","16":"tag-pura-paixao","17":"tag-sports","18":"tag-suspensao","19":"tag-verificacao-de-sexo"},"share_on_mastodon":{"url":"https:\/\/pubeurope.com\/@pt\/115422772936575129","error":""},"_links":{"self":[{"href":"https:\/\/www.europesays.com\/pt\/wp-json\/wp\/v2\/posts\/122810","targetHints":{"allow":["GET"]}}],"collection":[{"href":"https:\/\/www.europesays.com\/pt\/wp-json\/wp\/v2\/posts"}],"about":[{"href":"https:\/\/www.europesays.com\/pt\/wp-json\/wp\/v2\/types\/post"}],"author":[{"embeddable":true,"href":"https:\/\/www.europesays.com\/pt\/wp-json\/wp\/v2\/users\/2"}],"replies":[{"embeddable":true,"href":"https:\/\/www.europesays.com\/pt\/wp-json\/wp\/v2\/comments?post=122810"}],"version-history":[{"count":0,"href":"https:\/\/www.europesays.com\/pt\/wp-json\/wp\/v2\/posts\/122810\/revisions"}],"wp:featuredmedia":[{"embeddable":true,"href":"https:\/\/www.europesays.com\/pt\/wp-json\/wp\/v2\/media\/122811"}],"wp:attachment":[{"href":"https:\/\/www.europesays.com\/pt\/wp-json\/wp\/v2\/media?parent=122810"}],"wp:term":[{"taxonomy":"category","embeddable":true,"href":"https:\/\/www.europesays.com\/pt\/wp-json\/wp\/v2\/categories?post=122810"},{"taxonomy":"post_tag","embeddable":true,"href":"https:\/\/www.europesays.com\/pt\/wp-json\/wp\/v2\/tags?post=122810"}],"curies":[{"name":"wp","href":"https:\/\/api.w.org\/{rel}","templated":true}]}}