{"id":122814,"date":"2025-10-23T09:29:26","date_gmt":"2025-10-23T09:29:26","guid":{"rendered":"https:\/\/www.europesays.com\/pt\/122814\/"},"modified":"2025-10-23T09:29:26","modified_gmt":"2025-10-23T09:29:26","slug":"loucura-fora-de-secret-story-cantor-lanca-tema-sobre-agressao-de-vera-a-dylan-e-ja-e-viral","status":"publish","type":"post","link":"https:\/\/www.europesays.com\/pt\/122814\/","title":{"rendered":"Loucura fora de &#8220;Secret Story&#8221;: cantor lan\u00e7a tema sobre agress\u00e3o de Vera a Dylan&#8230; e j\u00e1 \u00e9 viral!"},"content":{"rendered":"<p>A nona edi\u00e7\u00e3o de &#8220;<a href=\"https:\/\/tvi.iol.pt\/secretstory\/\" target=\"_blank\" rel=\"nofollow noopener\">Secret Story<\/a> &#8211; Casa dos Segredos&#8221; est\u00e1 a ser sin\u00f3nimo de sucesso, sendo o mais recente acontecimento bomb\u00e1stico a agress\u00e3o de Vera Cl\u00e1udia. A nortenha desferiu v\u00e1rios estalos em <a href=\"https:\/\/selfie.iol.pt\/famosos\/casa-dos-segredos-9\/bomba-em-secret-story-dylan-perdeu-filha-em-acidente\/20251022\/68f7ed17d34e58bc6797287a\" target=\"_blank\" rel=\"nofollow noopener\">Dylan Fonte<\/a>, o que\u00a0motivou a expuls\u00e3o do reality show da <a href=\"https:\/\/tvi.iol.pt\/\" target=\"_blank\" rel=\"nofollow noopener\">TVI<\/a>.<\/p>\n<p>Este epis\u00f3dio, que tem dominado as aten\u00e7\u00f5es nas redes sociais, inspirou Rafael Bail\u00e3o. O cantor e influenciador digital, que participou em &#8220;<a href=\"https:\/\/tvi.iol.pt\/tvireality\/dilema\" target=\"_blank\" rel=\"nofollow noopener\">Dilema<\/a>&#8220;, lan\u00e7ou uma nova vers\u00e3o do tema de Victor Rodrigues &#8220;P\u00f5e a M\u00e3o Na Cabecinha&#8221;, na qual o jovem aborda o pol\u00e9mico caso.<\/p>\n<p>&#8220;Vou s\u00f3 deixar aqui esta par\u00f3dia. Interpretem como quiserem e por amor de Deus&#8230; N\u00e3o andem \u00e0 batatada, porque n\u00e3o vale a pena. At\u00e9 um dia, Vera Saramago&#8221;, escreveu Rafael Bail\u00e3o, na legenda de um v\u00eddeo publicado no Instagram, usando\u00a0o nome pelo qual v\u00e1rios telespectadores come\u00e7aram a chamar\u00a0<a href=\"https:\/\/selfie.iol.pt\/famosos\/casa-dos-segredos-9\/um-dia-apos-saida-de-secret-story-vera-claudia-partilha-importante-novidade-de-regresso\/20251021\/68f7e29bd34e58bc67972827\" target=\"_blank\" rel=\"nofollow noopener\">Vera Cl\u00e1udia<\/a>, nas redes sociais, por causa de reflex\u00f5es feitas pela pr\u00f3pria na casa mais vigiada do Pa\u00eds &#8211; trata-se, naturalmente, de uma clara alus\u00e3o ao conceituado escritor Jos\u00e9 Saramago.<\/p>\n<p>Assista, agora, ao v\u00eddeo sobre a agress\u00e3o em &#8220;Secret Story &#8211; Casa dos Segredos&#8221;. Veja, ainda, na galeria que prepar\u00e1mos para si, as melhores imagens de Vera Cl\u00e1udia.<\/p>\n<blockquote class=\"instagram-media\" data-instgrm-captioned=\"\" data-instgrm-permalink=\"https:\/\/www.instagram.com\/reel\/DQCpbMCCO6W\/?utm_source=ig_embed&amp;utm_campaign=loading\" data-instgrm-version=\"14\" style=\" background:#FFF; border:0; border-radius:3px; box-shadow:0 0 1px 0 rgba(0,0,0,0.5),0 1px 10px 0 rgba(0,0,0,0.15); margin: 1px; max-width:540px; min-width:326px; padding:0; width:99.375%; width:-webkit-calc(100% - 2px); width:calc(100% - 2px);\">\n<\/blockquote>\n<p>\u00a0<\/p>\n<p>                        <script async src=\"\/\/www.instagram.com\/embed.js\"><\/script><\/p>\n","protected":false},"excerpt":{"rendered":"A nona edi\u00e7\u00e3o de &#8220;Secret Story &#8211; Casa dos Segredos&#8221; est\u00e1 a ser sin\u00f3nimo de sucesso, sendo o&hellip;\n","protected":false},"author":2,"featured_media":122815,"comment_status":"","ping_status":"","sticky":false,"template":"","format":"standard","meta":{"footnotes":""},"categories":[85],"tags":[2632,13471,6338,328,4782,19105,21040,114,115,6309,980,1015,619,32,33,17904,1014,1315,6985,16687,16686,1012,6986,16688,162,11841,24887],"class_list":{"0":"post-122814","1":"post","2":"type-post","3":"status-publish","4":"format-standard","5":"has-post-thumbnail","7":"category-entretenimento","8":"tag-casa-dos-segredos","9":"tag-casa-dos-segredos-9","10":"tag-concorrente","11":"tag-concorrentes","12":"tag-dilema","13":"tag-dylan","14":"tag-dylan-fonte","15":"tag-entertainment","16":"tag-entretenimento","17":"tag-ex-concorrente","18":"tag-famosos","19":"tag-instagram","20":"tag-nacional","21":"tag-portugal","22":"tag-pt","23":"tag-rafael-bailao","24":"tag-reality-show","25":"tag-secret-story","26":"tag-secret-story-casa-dos-segredos","27":"tag-secret-story-casa-dos-segredos-9","28":"tag-secret-story-9","29":"tag-selfie","30":"tag-ss","31":"tag-ss9","32":"tag-tvi","33":"tag-vera","34":"tag-vera-claudia"},"share_on_mastodon":{"url":"https:\/\/pubeurope.com\/@pt\/115422780644963829","error":""},"_links":{"self":[{"href":"https:\/\/www.europesays.com\/pt\/wp-json\/wp\/v2\/posts\/122814","targetHints":{"allow":["GET"]}}],"collection":[{"href":"https:\/\/www.europesays.com\/pt\/wp-json\/wp\/v2\/posts"}],"about":[{"href":"https:\/\/www.europesays.com\/pt\/wp-json\/wp\/v2\/types\/post"}],"author":[{"embeddable":true,"href":"https:\/\/www.europesays.com\/pt\/wp-json\/wp\/v2\/users\/2"}],"replies":[{"embeddable":true,"href":"https:\/\/www.europesays.com\/pt\/wp-json\/wp\/v2\/comments?post=122814"}],"version-history":[{"count":0,"href":"https:\/\/www.europesays.com\/pt\/wp-json\/wp\/v2\/posts\/122814\/revisions"}],"wp:featuredmedia":[{"embeddable":true,"href":"https:\/\/www.europesays.com\/pt\/wp-json\/wp\/v2\/media\/122815"}],"wp:attachment":[{"href":"https:\/\/www.europesays.com\/pt\/wp-json\/wp\/v2\/media?parent=122814"}],"wp:term":[{"taxonomy":"category","embeddable":true,"href":"https:\/\/www.europesays.com\/pt\/wp-json\/wp\/v2\/categories?post=122814"},{"taxonomy":"post_tag","embeddable":true,"href":"https:\/\/www.europesays.com\/pt\/wp-json\/wp\/v2\/tags?post=122814"}],"curies":[{"name":"wp","href":"https:\/\/api.w.org\/{rel}","templated":true}]}}