{"id":122820,"date":"2025-10-23T09:35:14","date_gmt":"2025-10-23T09:35:14","guid":{"rendered":"https:\/\/www.europesays.com\/pt\/122820\/"},"modified":"2025-10-23T09:35:14","modified_gmt":"2025-10-23T09:35:14","slug":"veja-o-shape-de-cocielo-antes-e-depois-de-tata-estaniecki","status":"publish","type":"post","link":"https:\/\/www.europesays.com\/pt\/122820\/","title":{"rendered":"Veja o shape de Cocielo antes e depois de Tata Estaniecki"},"content":{"rendered":"<p>                            <img width=\"944\" height=\"531\" src=\"https:\/\/www.europesays.com\/pt\/wp-content\/uploads\/2025\/10\/Veja-o-shape-de-Cocielo-antes-e-depois-do-relacionamento-com-Tata-Estaniecki-6-1-944x531.jpg\" class=\"attachment-custom-large size-custom-large article-featured-image\" alt=\"J\u00falio Cocielo antes e depois do relacionamento com Tata Estaniecki (Foto: Redes sociais, Reprodu\u00e7\u00e3o)\" fetchpriority=\"high\" decoding=\"async\"  \/><\/p>\n<p>J\u00falio Cocielo antes e depois do relacionamento com Tata Estaniecki (Foto: Redes sociais, Reprodu\u00e7\u00e3o)<\/p>\n<p>O motivo do t\u00e9rmino do casamento entre o youtuber J\u00falio Cocielo, de 32 anos, e a influenciadora Tata Estaniecki, de 31 anos, n\u00e3o foi revelado pelo ex-casal, mas internautas encheram as redes sociais com diversas teorias que poderiam explicar o fim do relacionamento.<\/p>\n<p>Continua depois da publicidade<\/p>\n<p>Compare o antes e depois de J\u00falio Cocielo1<\/p>\n<p>VoltarAvan\u00e7ar<\/p>\n<p><img loading=\"lazy\" decoding=\"async\" width=\"1200\" height=\"675\" data-id=\"7699451\" src=\"https:\/\/www.europesays.com\/pt\/wp-content\/uploads\/2025\/10\/Veja-o-shape-de-Cocielo-antes-e-depois-do-relacionamento-com-Tata-Estaniecki-6.jpg\" alt=\"\" class=\"wp-image-7699451\"  \/><\/p>\n<p>J\u00falio Cocielo antes e depois do relacionamento com Tata Estaniecki (Foto: Redes sociais, Reprodu\u00e7\u00e3o)<\/p>\n<p><img loading=\"lazy\" decoding=\"async\" width=\"1200\" height=\"675\" data-id=\"7699455\" src=\"https:\/\/www.europesays.com\/pt\/wp-content\/uploads\/2025\/10\/Veja-o-shape-de-Cocielo-antes-e-depois-do-relacionamento-com-Tata-Estaniecki.jpg\" alt=\"\" class=\"wp-image-7699455\"  \/><\/p>\n<p>Ex-casal na \u00e9poca em que se conheceram (Foto: Redes sociais, Reprodu\u00e7\u00e3o)<\/p>\n<p><img loading=\"lazy\" decoding=\"async\" width=\"1200\" height=\"675\" data-id=\"7699450\" src=\"https:\/\/www.europesays.com\/pt\/wp-content\/uploads\/2025\/10\/Veja-o-shape-de-Cocielo-antes-e-depois-do-relacionamento-com-Tata-Estaniecki-5.jpg\" alt=\"\" class=\"wp-image-7699450\"  \/><\/p>\n<p>Evolu\u00e7\u00e3o f\u00edsica de Cocielo (Foto: Redes sociais, Reprodu\u00e7\u00e3o)<\/p>\n<p><img loading=\"lazy\" decoding=\"async\" width=\"1200\" height=\"675\" data-id=\"7699452\" src=\"https:\/\/www.europesays.com\/pt\/wp-content\/uploads\/2025\/10\/Veja-o-shape-de-Cocielo-antes-e-depois-do-relacionamento-com-Tata-Estaniecki-4.jpg\" alt=\"\" class=\"wp-image-7699452\"  \/><\/p>\n<p>J\u00falio Cocielo come\u00e7ou a se dedicar na academia (Foto: Redes sociais, Reprodu\u00e7\u00e3o)<\/p>\n<p><img loading=\"lazy\" decoding=\"async\" width=\"1200\" height=\"675\" data-id=\"7699454\" src=\"https:\/\/www.europesays.com\/pt\/wp-content\/uploads\/2025\/10\/Veja-o-shape-de-Cocielo-antes-e-depois-do-relacionamento-com-Tata-Estaniecki-1.jpg\" alt=\"\" class=\"wp-image-7699454\"  \/><\/p>\n<p>Ex-casal h\u00e1 alguns anos (Foto: Redes sociais, Reprodu\u00e7\u00e3o)<\/p>\n<p><img loading=\"lazy\" decoding=\"async\" width=\"1200\" height=\"675\" data-id=\"7699456\" src=\"https:\/\/www.europesays.com\/pt\/wp-content\/uploads\/2025\/10\/Veja-o-shape-de-Cocielo-antes-e-depois-do-relacionamento-com-Tata-Estaniecki-3.jpg\" alt=\"\" class=\"wp-image-7699456\"  \/><\/p>\n<p>Novo shape do youtuber (Foto: Redes sociais, Reprodu\u00e7\u00e3o)<\/p>\n<p><img loading=\"lazy\" decoding=\"async\" width=\"1200\" height=\"675\" data-id=\"7699453\" src=\"https:\/\/www.europesays.com\/pt\/wp-content\/uploads\/2025\/10\/Veja-o-shape-de-Cocielo-antes-e-depois-do-relacionamento-com-Tata-Estaniecki-2.jpg\" alt=\"\" class=\"wp-image-7699453\"  \/><\/p>\n<p>Foto recente do ex-casal (Foto: Redes sociais, Reprodu\u00e7\u00e3o)<\/p>\n<p><a href=\"https:\/\/www.nsctotal.com.br\/categoria\/esportes\" rel=\"nofollow noopener\" target=\"_blank\"><strong>Leia mais not\u00edcias do Esporte no NSC Total<\/strong><\/a><\/p>\n<p>Uma das <a href=\"https:\/\/www.nsctotal.com.br\/noticias\/pegadinha-flerte-em-podcast-e-traicao-as-teorias-em-volta-do-fim-de-tata-e-cocielo\" target=\"_blank\" rel=\"noreferrer noopener nofollow\"><strong>especula\u00e7\u00f5es<\/strong><\/a> era de que J\u00falio Cocielo estaria em uma nova fase em sua vida. O ex-casal se conheceu na festa de anivers\u00e1rio da influencer, em novembro de 2016, quando ele e outros youtubers foram convidados por outra pessoa. Algum tempo depois, gravaram v\u00eddeos juntos para o YouTube e passaram a se relacionar.<\/p>\n<p>Quase 10 anos depois, os dois passaram por mudan\u00e7as f\u00edsicas. Em julho deste ano, J\u00falio Cocielo impressionou a internet ao mostrar sua evolu\u00e7\u00e3o f\u00edsica. Ap\u00f3s se dedicar aos exerc\u00edcios f\u00edsicos, inclusive junto do influenciador Renato Cariani, o youtuber ficou com o corpo musculoso.<\/p>\n<p>\u201cE tamo s\u00f3 come\u00e7ando! Agora \u00e9 60 dias de foco (j\u00e1 pe\u00e7o desculpas pelas cocadas que tavam ali na minha m\u00e3o, e pelas cervejas que to tomando hoje assistindo o mundial, n\u00e3o deu pra resistir). Acompanhe essa saga\u201d, escreveu ele na legenda da imagem, na \u00e9poca.<\/p>\n<p>Continua depois da publicidade<\/p>\n<p>O que aconteceu entre J\u00falio Cocielo e Tata Estaniecki<\/p>\n<p>O influenciador e youtuber J\u00falio Cocielo anunciou, na noite de quinta-feira (16), o <a href=\"https:\/\/www.nsctotal.com.br\/noticias\/julio-cocielo-anuncia-fim-do-casamento-com-tata-estaniecki-coisas-acontecem-do-nada\" target=\"_blank\" rel=\"noreferrer noopener nofollow\"><strong>fim do casamento<\/strong><\/a> com a apresentadora Tata Estaniecki. Na ter\u00e7a-feira (21), a influenciadora <a href=\"https:\/\/www.nsctotal.com.br\/noticias\/tata-se-pronuncia-pela-1a-vez-sobre-fim-de-casamento-com-cocielo-precisei-de-um-tempo\" target=\"_blank\" rel=\"noreferrer noopener nofollow\"><strong>se pronunciou pela primeira vez<\/strong><\/a> ap\u00f3s o an\u00fancio de separa\u00e7\u00e3o e disse que precisou de um tempo para \u201corganizar as ideias, organizar a vida e focar 100% nas crian\u00e7as\u201d.<\/p>\n<p><a href=\"https:\/\/news.google.com\/publications\/CAAqBwgKMNPOlgsw1vStAw?ceid=BR:pt-419&amp;oc=3&amp;hl=pt-BR&amp;gl=BR\" rel=\"nofollow noopener\" target=\"_blank\"><strong>Siga as not\u00edcias do NSC Total pelo Google Not\u00edcias<\/strong><\/a><\/p>\n","protected":false},"excerpt":{"rendered":"J\u00falio Cocielo antes e depois do relacionamento com Tata Estaniecki (Foto: Redes sociais, Reprodu\u00e7\u00e3o) O motivo do t\u00e9rmino&hellip;\n","protected":false},"author":2,"featured_media":122821,"comment_status":"","ping_status":"","sticky":false,"template":"","format":"standard","meta":{"footnotes":""},"categories":[145],"tags":[211,210,829,114,115,1062,32,33],"class_list":{"0":"post-122820","1":"post","2":"type-post","3":"status-publish","4":"format-standard","5":"has-post-thumbnail","7":"category-celebridades","8":"tag-celebridades","9":"tag-celebrities","10":"tag-conteudo-liberado","11":"tag-entertainment","12":"tag-entretenimento","13":"tag-esportes","14":"tag-portugal","15":"tag-pt"},"share_on_mastodon":{"url":"https:\/\/pubeurope.com\/@pt\/115422804736598978","error":""},"_links":{"self":[{"href":"https:\/\/www.europesays.com\/pt\/wp-json\/wp\/v2\/posts\/122820","targetHints":{"allow":["GET"]}}],"collection":[{"href":"https:\/\/www.europesays.com\/pt\/wp-json\/wp\/v2\/posts"}],"about":[{"href":"https:\/\/www.europesays.com\/pt\/wp-json\/wp\/v2\/types\/post"}],"author":[{"embeddable":true,"href":"https:\/\/www.europesays.com\/pt\/wp-json\/wp\/v2\/users\/2"}],"replies":[{"embeddable":true,"href":"https:\/\/www.europesays.com\/pt\/wp-json\/wp\/v2\/comments?post=122820"}],"version-history":[{"count":0,"href":"https:\/\/www.europesays.com\/pt\/wp-json\/wp\/v2\/posts\/122820\/revisions"}],"wp:featuredmedia":[{"embeddable":true,"href":"https:\/\/www.europesays.com\/pt\/wp-json\/wp\/v2\/media\/122821"}],"wp:attachment":[{"href":"https:\/\/www.europesays.com\/pt\/wp-json\/wp\/v2\/media?parent=122820"}],"wp:term":[{"taxonomy":"category","embeddable":true,"href":"https:\/\/www.europesays.com\/pt\/wp-json\/wp\/v2\/categories?post=122820"},{"taxonomy":"post_tag","embeddable":true,"href":"https:\/\/www.europesays.com\/pt\/wp-json\/wp\/v2\/tags?post=122820"}],"curies":[{"name":"wp","href":"https:\/\/api.w.org\/{rel}","templated":true}]}}