{"id":122824,"date":"2025-10-23T09:38:08","date_gmt":"2025-10-23T09:38:08","guid":{"rendered":"https:\/\/www.europesays.com\/pt\/122824\/"},"modified":"2025-10-23T09:38:08","modified_gmt":"2025-10-23T09:38:08","slug":"vem-ai-em-a-protegida-laura-tenta-impedir-o-casamento-de-mariana-e-jd-novelas","status":"publish","type":"post","link":"https:\/\/www.europesays.com\/pt\/122824\/","title":{"rendered":"Vem a\u00ed em \u00abA Protegida\u00bb: Laura tenta impedir o casamento de Mariana e JD? &#8211; Novelas"},"content":{"rendered":"<p>Em \u00abA Protegida\u00bb, <a href=\"https:\/\/tvi.iol.pt\/novelas\/search?pagina=1&amp;pesquisa=alexandra+lencastre\" rel=\"nofollow noopener\" target=\"_blank\">Laura (Alexandra Lencastre)<\/a>\u00a0n\u00e3o se conforma com o casamento de <a href=\"https:\/\/tvi.iol.pt\/novelas\/ator\/mariana-vilalobos\/67ac80ecd34ef72ee44224fe\" wbo-id=\"51\" rel=\"nofollow noopener\" target=\"_blank\">Mariana (Matilde Reym\u00e3o)<\/a>\u00a0e pergunta a <a href=\"https:\/\/tvi.iol.pt\/novelas\/ator\/benedita-vilalobos\/67ac818fd34ef72ee4422507\" rel=\"nofollow noopener\" target=\"_blank\">Benedita (Maria do C\u00e9u Guerra)<\/a> se sabia daquilo. Ela diz que sabe desde sempre, pois estavam destinados a estar juntos. Laura n\u00e3o consegue aceitar, por tudo o que <a href=\"https:\/\/tvi.iol.pt\/novelas\/ator\/jose-diogo\/67ac875bd34ef72ee4422589\" wbo-id=\"52\" rel=\"nofollow noopener\" target=\"_blank\">Jos\u00e9 Diogo (Pedro Sousa)<\/a>\u00a0j\u00e1 as fez passar. Benedita diz que toda a gente magoa algu\u00e9m de quem gosta e Laura pensa em Jorge e \u00d3scar.<\/p>\n<p><a href=\"https:\/\/tvi.iol.pt\/novelas\/search?pagina=1&amp;pesquisa=joaquim+horta\" rel=\"nofollow noopener\" target=\"_blank\">\u00d3scar (Joaquim Horta)<\/a>\u00a0considera o casamento de Mariana e JD uma boa not\u00edcia, mas Laura n\u00e3o tem a mesma opini\u00e3o e afirma que JD j\u00e1 fez muito mal a Mariana. \u00d3scar n\u00e3o acredita nisso e pergunta a Laura onde est\u00e1, para ir ter com ela.<\/p>\n<p>Recorde-se que Mariana e JD t\u00eam estado mais pr\u00f3ximos e mantido tudo em segredo:<\/p>\n","protected":false},"excerpt":{"rendered":"Em \u00abA Protegida\u00bb, Laura (Alexandra Lencastre)\u00a0n\u00e3o se conforma com o casamento de Mariana (Matilde Reym\u00e3o)\u00a0e pergunta a Benedita&hellip;\n","protected":false},"author":2,"featured_media":122825,"comment_status":"","ping_status":"","sticky":false,"template":"","format":"standard","meta":{"footnotes":""},"categories":[142],"tags":[168,882,160,6416,166,114,115,157,167,14916,1406,164,885,6415,884,881,161,158,165,159,32,33,156,163,151,162],"class_list":{"0":"post-122824","1":"post","2":"type-post","3":"status-publish","4":"format-standard","5":"has-post-thumbnail","7":"category-tv","8":"tag-a-protegida","9":"tag-alexandra-lencastre","10":"tag-ana-guiomar","11":"tag-benedita","12":"tag-cristina-ferreira","13":"tag-entertainment","14":"tag-entretenimento","15":"tag-festa-e-festa","16":"tag-ficcao","17":"tag-jd","18":"tag-joaquim-horta","19":"tag-jose-fidalgo","20":"tag-laura","21":"tag-maria-do-ceu-guerra","22":"tag-mariana","23":"tag-matilde-reymao","24":"tag-novelas","25":"tag-para-sempre","26":"tag-pedro-sousa","27":"tag-pedro-teixeira","28":"tag-portugal","29":"tag-pt","30":"tag-queridos-papas","31":"tag-tiago-teotonio-pereira","32":"tag-tv","33":"tag-tvi"},"share_on_mastodon":{"url":"https:\/\/pubeurope.com\/@pt\/115422816264010983","error":""},"_links":{"self":[{"href":"https:\/\/www.europesays.com\/pt\/wp-json\/wp\/v2\/posts\/122824","targetHints":{"allow":["GET"]}}],"collection":[{"href":"https:\/\/www.europesays.com\/pt\/wp-json\/wp\/v2\/posts"}],"about":[{"href":"https:\/\/www.europesays.com\/pt\/wp-json\/wp\/v2\/types\/post"}],"author":[{"embeddable":true,"href":"https:\/\/www.europesays.com\/pt\/wp-json\/wp\/v2\/users\/2"}],"replies":[{"embeddable":true,"href":"https:\/\/www.europesays.com\/pt\/wp-json\/wp\/v2\/comments?post=122824"}],"version-history":[{"count":0,"href":"https:\/\/www.europesays.com\/pt\/wp-json\/wp\/v2\/posts\/122824\/revisions"}],"wp:featuredmedia":[{"embeddable":true,"href":"https:\/\/www.europesays.com\/pt\/wp-json\/wp\/v2\/media\/122825"}],"wp:attachment":[{"href":"https:\/\/www.europesays.com\/pt\/wp-json\/wp\/v2\/media?parent=122824"}],"wp:term":[{"taxonomy":"category","embeddable":true,"href":"https:\/\/www.europesays.com\/pt\/wp-json\/wp\/v2\/categories?post=122824"},{"taxonomy":"post_tag","embeddable":true,"href":"https:\/\/www.europesays.com\/pt\/wp-json\/wp\/v2\/tags?post=122824"}],"curies":[{"name":"wp","href":"https:\/\/api.w.org\/{rel}","templated":true}]}}