{"id":122826,"date":"2025-10-23T09:40:10","date_gmt":"2025-10-23T09:40:10","guid":{"rendered":"https:\/\/www.europesays.com\/pt\/122826\/"},"modified":"2025-10-23T09:40:10","modified_gmt":"2025-10-23T09:40:10","slug":"springsteen-deliver-me-from-nowhere-o-velho-e-a-espada-e-outras-estreias-para-es-cinema","status":"publish","type":"post","link":"https:\/\/www.europesays.com\/pt\/122826\/","title":{"rendered":"Springsteen: Deliver Me from Nowhere, O Velho e a Espada e outras estreias para es | Cinema"},"content":{"rendered":"<p>Em 1981, logo ap\u00f3s o \u00eaxito de The River, um jovem <a href=\"https:\/\/www.publico.pt\/bruce-springsteen\" rel=\"nofollow noopener\" target=\"_blank\">Bruce Springsteen<\/a> atravessa um momento cr\u00edtico da sua vida. Sentindo o peso da fama e dos traumas de um passado conturbado, decide afastar-se durante algum tempo numa casa em Colts Neck, Nova J\u00e9rsia. Nesse ref\u00fagio silencioso, prop\u00edcio \u00e0 introspec\u00e7\u00e3o, Springsteen escreve novas can\u00e7\u00f5es enquanto revisita a pr\u00f3pria hist\u00f3ria. Dessa reclus\u00e3o nascem uma s\u00e9rie de temas que d\u00e3o origem a Nebraska, o \u00e1lbum lan\u00e7ado no ano seguinte, profundamente pessoal e cat\u00e1rtico.<\/p>\n<p>Com realiza\u00e7\u00e3o e argumento de Scott Cooper (<a href=\"https:\/\/cinecartaz.publico.pt\/filme\/crazy-heart-248372\" rel=\"nofollow noopener\" target=\"_blank\">Crazy Heart<\/a>), este docudrama baseia-se no livro Deliver Me From Nowhere: The Making of Bruce Springsteen\u2019s Nebraska, de Warren Zanes, que aborda um momento particular da vida de Springsteen, revelando n\u00e3o apenas o artista, mas o homem em luta consigo mesmo e em busca de sentido para as experi\u00eancias do passado. Jeremy Allen White, Jeremy Strong, Paul Walter Hauser, Stephen Graham, Odessa Young e Johnny Cannizzaro integram o elenco. <a href=\"https:\/\/cinecartaz.publico.pt\/filme\/springsteen-deliver-from-nowhere-414256\" rel=\"nofollow noopener\" target=\"_blank\"><strong>Cr\u00edticas, salas e hor\u00e1rios<\/strong><\/a><\/p>\n<p>        &#13;<br \/>\n             <a class=\"embedly-card\" data-card-controls=\"0\" href=\"https:\/\/www.youtube.com\/watch?v=z-DLC_a9Ri4\" rel=\"nofollow noopener\" target=\"_blank\">&#13;<\/p>\n<p>Do cora\u00e7\u00e3o de uma floresta da Beira Baixa, emerge uma entidade maligna que amea\u00e7a devorar as almas dos mais distra\u00eddos. A \u00fanica esperan\u00e7a para a travar reside num velho reformado da constru\u00e7\u00e3o civil, sempre acompanhado pela sua insepar\u00e1vel garrafa de vinho, pela sua motorizada Zundapp 50 e por uma poderosa espada, possu\u00edda por um dem\u00f3nio.<\/p>\n<p>Estreada no <a href=\"https:\/\/www.publico.pt\/motelx\" rel=\"nofollow noopener\" target=\"_blank\">MotelX<\/a> &#8211; Festival Internacional de Cinema de Terror de Lisboa, esta com\u00e9dia de terror \u00e9 uma homenagem aos cl\u00e1ssicos de s\u00e9rie B dos anos 1980\/90 e ao tokusatsu \u2013 termo japon\u00eas que designa produ\u00e7\u00f5es de cinema e televis\u00e3o em live-action com forte componente de efeitos especiais. Filmado na zona de Sarzedas (Castelo Branco), \u00e9 descrito pela produ\u00e7\u00e3o como \u201c100% tuga e 42% chunga\u201d.<\/p>\n<p>Realizado por F\u00e1bio Powers, o elenco conta com T\u00e2nia Bento, Ant\u00f3nio da Luz, Paulo Esp\u00edrito Santo e o j\u00e1 falecido Lu\u00eds Aleluia. <a href=\"https:\/\/cinecartaz.publico.pt\/filme\/velho-espada-414300\" rel=\"nofollow noopener\" target=\"_blank\"><strong>Cr\u00edticas, salas e hor\u00e1rios<\/strong><\/a><\/p>\n<p>        &#13;<br \/>\n             <a class=\"embedly-card\" data-card-controls=\"0\" href=\"https:\/\/www.youtube.com\/watch?v=OGohWTfZfaU\" rel=\"nofollow noopener\" target=\"_blank\">&#13;<\/p>\n<p>Nos tempos \u00e1ureos, Samantha Lake (Elisabeth Moss) foi uma actriz reverenciada. Agora, mais velha e com cada vez mais dificuldade em encontrar pap\u00e9is \u00e0 sua medida, perdeu a confian\u00e7a em si mesma. \u00c9 ent\u00e3o que se depara com a publicidade da Shell, uma empresa de sa\u00fade e beleza que promete rejuvenescer e libertar as mulheres das inseguran\u00e7as e inibi\u00e7\u00f5es que as impedem de atingir todo o seu potencial.<\/p>\n<p>Samantha aproxima-se de Zoe Shannon, a carism\u00e1tica directora executiva que, apesar dos seus 68 anos, conserva uma apar\u00eancia surpreendentemente jovem. Mas, \u00e0 medida que os tratamentos se sucedem, come\u00e7a a sentir sintomas estranhos, f\u00edsicos, mas tamb\u00e9m psicol\u00f3gicos. \u00c9 ent\u00e3o que descobre algo verdadeiramente perturbador: o desaparecimento inexplic\u00e1vel de v\u00e1rios clientes, entre eles, uma amiga sua.<\/p>\n<p>Com argumento de Jack Stanley e realiza\u00e7\u00e3o de Max Minghella (<a href=\"https:\/\/cinecartaz.publico.pt\/filme\/teen-spirit-conquista-o-sonho--393979\" rel=\"nofollow noopener\" target=\"_blank\">Teen Spirit: Conquista o Sonho<\/a>), este filme de terror corporal conta ainda com Kate Hudson, Elizabeth Berkley, Peter MacNicol, Arian Moayed e Leanne Suter. <a href=\"https:\/\/cinecartaz.publico.pt\/filme\/shell-414306\" rel=\"nofollow noopener\" target=\"_blank\"><strong>Cr\u00edticas, salas e hor\u00e1rios<\/strong><\/a><\/p>\n<p>        &#13;<br \/>\n             <a class=\"embedly-card\" data-card-controls=\"0\" href=\"https:\/\/www.youtube.com\/watch?v=UhtpPIB5yoM\" rel=\"nofollow noopener\" target=\"_blank\">&#13;<\/p>\n<p>Com recurso a material de arquivo, algum dele in\u00e9dito, este document\u00e1rio, realizado por Kevin Macdonald e Sam Rice-Edwards, centra-se no concerto de benefic\u00eancia One to One, que <a href=\"https:\/\/www.publico.pt\/john-lennon\" rel=\"nofollow noopener\" target=\"_blank\">John Lennon<\/a> e <a href=\"https:\/\/www.publico.pt\/2020\/05\/29\/culturaipsilon\/noticia\/fim-conseguimos-apenas-yoko-ono-1918678\" rel=\"nofollow noopener\" target=\"_blank\">Yoko Ono<\/a> deram no Madison Square Garden, em Nova Iorque, em Agosto de 1972. A narrativa alonga-se pelos 18 meses em que o casal viveu num pequeno apartamento em Greenwich Village, entre o final de 1971 e 1973, per\u00edodo marcado pela reinven\u00e7\u00e3o art\u00edstica e pelo activismo pol\u00edtico de ambos. <a href=\"https:\/\/cinecartaz.publico.pt\/filme\/one-to-one-john-38-yoko-414463\" rel=\"nofollow noopener\" target=\"_blank\"><strong>Cr\u00edticas, salas e hor\u00e1rios<\/strong><\/a><\/p>\n<p>        &#13;<br \/>\n             <a class=\"embedly-card\" data-card-controls=\"0\" href=\"https:\/\/vimeo.com\/1127589072?share=copy\" rel=\"nofollow noopener\" target=\"_blank\">&#13;<\/p>\n<p>Num lugar isolado e rodeado de \u00e1gua, vive um velho senhor cuja \u00fanica companhia \u00e9 uma catatua encerrada numa gaiola, que se tornou sua \u00fanica confidente e testemunha da passagem dos dias. A solid\u00e3o, como as \u00e1guas que o cercam, molda-lhe lentamente o seu modo de ser e de pensar.<\/p>\n<p>Com Gustavo Sumpta e Mafalda Rocha nos pap\u00e9is principais, e realiza\u00e7\u00e3o e argumento de Pedro Magano, este filme adapta o conto A Morte, o Tempo e o Velho, de <a href=\"https:\/\/www.publico.pt\/mia-couto\" rel=\"nofollow noopener\" target=\"_blank\">Mia Couto<\/a>, entrela\u00e7ando-o com alguns elementos da pe\u00e7a As Aves, de Arist\u00f3fanes. <a href=\"https:\/\/cinecartaz.publico.pt\/filme\/aves-414259\" rel=\"nofollow noopener\" target=\"_blank\"><strong>Cr\u00edticas, salas e hor\u00e1rios<\/strong><\/a><\/p>\n<p>        &#13;<br \/>\n             <a class=\"embedly-card\" data-card-controls=\"0\" href=\"https:\/\/www.youtube.com\/watch?v=zZXyMVbmH4Y\" rel=\"nofollow noopener\" target=\"_blank\">&#13;<\/p>\n<p>Lucie, uma dedicada agente da pol\u00edcia cient\u00edfica francesa, est\u00e1 \u00e0 beira da reforma. Com um percurso bastante solit\u00e1rio ap\u00f3s a morte do marido, v\u00ea a sua vida alterar-se com a chegada de uma fam\u00edlia que se instala na casa ao lado da sua e de quem se torna muito pr\u00f3xima. Mas quando descobre que Yann, o pai, para al\u00e9m de artista \u00e9 um activista de extrema-esquerda com antecedentes criminais, fica dividida entre a amizade que os une e as suas obriga\u00e7\u00f5es profissionais.<\/p>\n<p>Com interpreta\u00e7\u00f5es de <a href=\"https:\/\/www.publico.pt\/isabelle-huppert\" rel=\"nofollow noopener\" target=\"_blank\">Isabelle Huppert<\/a>, Nahuel P\u00e9rez Biscayart, Hafsia Herzi, Romane Meunier, St\u00e9phane Rideau e Moustapha Mbengue, este drama tem assinatura do veterano <a href=\"https:\/\/www.publico.pt\/andre-techine\" rel=\"nofollow noopener\" target=\"_blank\">Andr\u00e9 T\u00e9chin\u00e9<\/a>, tamb\u00e9m autor de <a href=\"https:\/\/cinecartaz.publico.pt\/filme\/a-minha-estacao-preferida-34246\" rel=\"nofollow noopener\" target=\"_blank\">A Minha Esta\u00e7\u00e3o Preferida<\/a>, <a href=\"https:\/\/cinecartaz.publico.pt\/filme\/os-juncos-silvestres-34250\" rel=\"nofollow noopener\" target=\"_blank\">Os Juncos Silvestres<\/a>, <a href=\"https:\/\/cinecartaz.publico.pt\/filme\/lhomme-quon-aimait-rrop-347372\" rel=\"nofollow noopener\" target=\"_blank\">O Homem Demasiado Amado<\/a>\u200b ou <a href=\"https:\/\/cinecartaz.publico.pt\/filme\/o-adeus-a-noite-402010\" rel=\"nofollow noopener\" target=\"_blank\">O Adeus \u00e0 Noite<\/a>, entre muitos outros. <a href=\"https:\/\/cinecartaz.publico.pt\/filme\/novos-vizinhos-413792\" rel=\"nofollow noopener\" target=\"_blank\"><strong>Cr\u00edticas, salas e hor\u00e1rios<\/strong><\/a><\/p>\n<p>        &#13;<br \/>\n             <a class=\"embedly-card\" data-card-controls=\"0\" href=\"https:\/\/www.youtube.com\/watch?v=VWUs2rjqlsg\" rel=\"nofollow noopener\" target=\"_blank\">&#13;<\/p>\n<p>Denji tenta desesperadamente pagar a d\u00edvida deixada pelo pai. Para sobreviver, trabalha como ca\u00e7ador de monstros, sempre acompanhado por Pochita, um c\u00e3o-dem\u00f3nio com forma de motosserra. Quando Denji \u00e9 tra\u00eddo e morto numa emboscada, Pochita funde-se com ele, transformando-o no \u201cChainsaw Man\u201d, um h\u00edbrido com grandes poderes que conta com o seu leal companheiro a viver dentro de si. Algum tempo depois, \u00e9 abordado por um agente das for\u00e7as de seguran\u00e7a que o recruta para a Divis\u00e3o Especial 4 dos Ca\u00e7adores de Dem\u00f3nios, uma unidade experimental composta por pessoas, h\u00edbridos e dem\u00f3nios.<\/p>\n<p>Um dia, conhece Reze, uma jovem que trabalha num pequeno caf\u00e9. Apesar da viol\u00eancia que o rodeia, entre eles nasce uma rela\u00e7\u00e3o inesperada, marcada pela simplicidade e por um raro sentimento de tranquilidade. Atrav\u00e9s dela, o rapaz descobre o que poderia ser viver sem medo. Mas, \u00e0 medida que essa liga\u00e7\u00e3o se aprofunda, v\u00e1rios segredos come\u00e7am a vir \u00e0 superf\u00edcie.<\/p>\n<p>Com argumento de Hiroshi Seko e realiza\u00e7\u00e3o de Tatsuya Yoshihara, este <a href=\"https:\/\/www.publico.pt\/anime\" rel=\"nofollow noopener\" target=\"_blank\">anime<\/a> tem por base o <a href=\"https:\/\/www.publico.pt\/manga\" rel=\"nofollow noopener\" target=\"_blank\">manga<\/a> com o mesmo nome escrito e ilustrado por Tatsuki Fujimoto. <a href=\"https:\/\/cinecartaz.publico.pt\/filme\/chainsaw-man-filme-reze-arc-414298\" rel=\"nofollow noopener\" target=\"_blank\"><strong>Salas e hor\u00e1rios<\/strong><\/a><\/p>\n<p>        &#13;<br \/>\n             <a class=\"embedly-card\" data-card-controls=\"0\" href=\"https:\/\/www.youtube.com\/watch?v=dxqCvwT7Yxk\" rel=\"nofollow noopener\" target=\"_blank\">&#13;<\/p>\n<p>Realizado em 2023, este document\u00e1rio sobre esperan\u00e7a e amor incondicional acompanha crian\u00e7as de diferentes partes do mundo, com v\u00e1rios tipos de <a href=\"https:\/\/www.publico.pt\/deficiencia\" rel=\"nofollow noopener\" target=\"_blank\">defici\u00eancia<\/a>, que enfrentam os desafios da sua condi\u00e7\u00e3o com coragem, humor e determina\u00e7\u00e3o. Apesar das limita\u00e7\u00f5es f\u00edsicas e dos contextos em que vivem, eles t\u00eam muitos sonhos e um grande desejo de os concretizar. Ao seu lado est\u00e3o as fam\u00edlias, os professores e os colegas de escola, que os apoiam, encorajam e inspiram.<\/p>\n<p>A realiza\u00e7\u00e3o ficou a cargo de Pascal Plisson (On the Way to School), segundo um argumento seu, de Yann Brion e de Eddy Vingataramin. <a href=\"https:\/\/cinecartaz.publico.pt\/filme\/sonho-414419\" rel=\"nofollow noopener\" target=\"_blank\"><strong>Salas e hor\u00e1rios<\/strong><\/a><\/p>\n<p>        &#13;<br \/>\n             <a class=\"embedly-card\" data-card-controls=\"0\" href=\"https:\/\/www.youtube.com\/watch?v=w2hMDL0_v6k\" rel=\"nofollow noopener\" target=\"_blank\">&#13;<\/p>\n<p>A vida de Clara era quase perfeita at\u00e9 que um tr\u00e1gico acidente p\u00f4s fim \u00e0 vida do pai e da tia Jenny, irm\u00e3 da m\u00e3e e uma das suas pessoas favoritas no mundo. A dor provocada por essa dupla trag\u00e9dia tornou-a revoltada e distante da progenitora, com quem agora mal consegue comunicar. E s\u00f3 quando uma verdade dif\u00edcil lhe \u00e9 revelada \u00e9 que as duas se tornam capazes de enfrentar a perda, aceitar as circunst\u00e2ncias e encontrar apoio uma na outra.<\/p>\n<p>Com argumento de Susan McMartin e realiza\u00e7\u00e3o de Josh Boone (<a href=\"https:\/\/cinecartaz.publico.pt\/filme\/a-culpa-e-das-estrelas-335113\" rel=\"nofollow noopener\" target=\"_blank\">A Culpa \u00e9 das Estrelas<\/a>), este drama rom\u00e2ntico adapta o livro hom\u00f3nimo da autora norte-americana Colleen Hoover, que se tornou mundialmente conhecida em 2020, quando o seu romance <a href=\"https:\/\/cinecartaz.publico.pt\/filme\/acaba-aqui-412229\" rel=\"nofollow noopener\" target=\"_blank\">Isto Acaba Aqui<\/a>, escrito em 2016, <a href=\"https:\/\/www.publico.pt\/2023\/11\/16\/culturaipsilon\/noticia\/colleen-hoover-faz-best-seller-tempo-tiktok-comoassim-2070433\" rel=\"nofollow noopener\" target=\"_blank\">viralizou nas redes sociais<\/a>. Sempre Tu conta com interpreta\u00e7\u00f5es de Allison Williams, Mckenna Grace, Dave Franco, Mason Thames, Willa Fitzgerald, Scott Eastwood e Clancy Brown. <a href=\"https:\/\/cinecartaz.publico.pt\/filme\/414260\" rel=\"nofollow noopener\" target=\"_blank\"><strong>Salas e hor\u00e1rios<\/strong><\/a><\/p>\n<p>        &#13;<br \/>\n             <a class=\"embedly-card\" data-card-controls=\"0\" href=\"https:\/\/www.youtube.com\/watch?v=WH0MRoNo4Lo\" rel=\"nofollow noopener\" target=\"_blank\">&#13;<\/p>\n<p>Quando a fam\u00edlia Otis se muda dos EUA para Canterville Chase, uma grande mans\u00e3o inglesa, descobre que ali habita Sir Simon de Canterville, um fantasma que assombra aquelas paredes h\u00e1 mais de trezentos anos e que tem afastado todos os que alguma vez tentaram fazer dela um lar.<\/p>\n<p>Depois de um primeiro momento de incredulidade, Sir Simon acaba por se aproximar de Virginia, a filha mais nova da fam\u00edlia, que ali se encontra bastante contrariada e que, inicialmente, at\u00e9 lhe prop\u00f5e ajud\u00e1-lo a expulsar os pr\u00f3prios pais. Mas, com o passar do tempo, sensibilizada pela tristeza do pobre fantasma, a jovem assume como miss\u00e3o libert\u00e1-lo da terr\u00edvel maldi\u00e7\u00e3o que o prende \u00e0quele lugar h\u00e1 s\u00e9culos.<\/p>\n<p>Realizado por Kim Burdon e Robert Chandler, este filme de anima\u00e7\u00e3o foi escrito por Giles New e Keiron Self, a partir do c\u00e9lebre conto de <a href=\"https:\/\/www.publico.pt\/oscar-wilde\" rel=\"nofollow noopener\" target=\"_blank\">Oscar Wilde<\/a> (1854-1900). Na vers\u00e3o original, o elenco de vozes \u00e9 composto por Stephen Fry, Hugh Laurie, Freddie Highmore, Emily Carey, Imelda Staunton, Toby Jones, Miranda Hart, David Harewood e Meera Syal. <a href=\"https:\/\/cinecartaz.publico.pt\/filme\/fantasma-canterville-414299\" rel=\"nofollow noopener\" target=\"_blank\"><strong>Salas e hor\u00e1rios<\/strong><\/a><\/p>\n<p>        &#13;<br \/>\n             <a class=\"embedly-card\" data-card-controls=\"0\" href=\"https:\/\/www.youtube.com\/watch?v=8GvVrrII6Uw\" rel=\"nofollow noopener\" target=\"_blank\">&#13;<\/p>\n<p>Ap\u00f3s a tr\u00e1gica morte dos pais, a pequena Heidi foi viver para os Alpes com o av\u00f4, um homem bom mas de poucas palavras. Embora inicialmente distantes, rapidamente nasce entre eles um entendimento profundo, que se transforma numa rela\u00e7\u00e3o de grande amor.<\/p>\n<p>Agora, j\u00e1 mais crescida, Heidi encontra uma cria de lince ferida, a quem decide chamar de Bolinhas. O animal estava preso numa armadilha colocada por Schnaitinger, um empres\u00e1rio sem escr\u00fapulos que pretende explorar a regi\u00e3o para enriquecer, colocando em risco todo o ecossistema. Percebendo o perigo, com o apoio do av\u00f4, do seu grande amigo Pedro e de Josef, o c\u00e3o S\u00e3o Bernardo, Heidi sobe a montanha em busca da fam\u00edlia de Bolinhas, para que ele possa viver feliz e em seguran\u00e7a.<\/p>\n<p>Realizada por Aizea Roca Berridi e Toby Schwarz, esta anima\u00e7\u00e3o \u00e9 uma adapta\u00e7\u00e3o do c\u00e9lebre romance escrito em 1880 pela escritora su\u00ed\u00e7a Johanna Spyri (1827-1901). <a href=\"https:\/\/cinecartaz.publico.pt\/filme\/heidi-lince-montanha-413924\" rel=\"nofollow noopener\" target=\"_blank\"><strong>Salas e hor\u00e1rios<\/strong><\/a><\/p>\n<p>        &#13;<br \/>\n             <a class=\"embedly-card\" data-card-controls=\"0\" href=\"https:\/\/www.youtube.com\/watch?v=ucjX_m0i0eU\" rel=\"nofollow noopener\" target=\"_blank\">&#13;<\/p>\n","protected":false},"excerpt":{"rendered":"Em 1981, logo ap\u00f3s o \u00eaxito de The River, um jovem Bruce Springsteen atravessa um momento cr\u00edtico da&hellip;\n","protected":false},"author":2,"featured_media":122827,"comment_status":"","ping_status":"","sticky":false,"template":"","format":"standard","meta":{"footnotes":""},"categories":[140],"tags":[14571,470,1413,114,115,147,148,1757,146,32,33,291],"class_list":{"0":"post-122826","1":"post","2":"type-post","3":"status-publish","4":"format-standard","5":"has-post-thumbnail","7":"category-filmes","8":"tag-bruce-springsteen","9":"tag-cinema","10":"tag-cultura-ipsilon","11":"tag-entertainment","12":"tag-entretenimento","13":"tag-film","14":"tag-filmes","15":"tag-ipsilon","16":"tag-movies","17":"tag-portugal","18":"tag-pt","19":"tag-relaxar"},"share_on_mastodon":{"url":"https:\/\/pubeurope.com\/@pt\/115422825103542370","error":""},"_links":{"self":[{"href":"https:\/\/www.europesays.com\/pt\/wp-json\/wp\/v2\/posts\/122826","targetHints":{"allow":["GET"]}}],"collection":[{"href":"https:\/\/www.europesays.com\/pt\/wp-json\/wp\/v2\/posts"}],"about":[{"href":"https:\/\/www.europesays.com\/pt\/wp-json\/wp\/v2\/types\/post"}],"author":[{"embeddable":true,"href":"https:\/\/www.europesays.com\/pt\/wp-json\/wp\/v2\/users\/2"}],"replies":[{"embeddable":true,"href":"https:\/\/www.europesays.com\/pt\/wp-json\/wp\/v2\/comments?post=122826"}],"version-history":[{"count":0,"href":"https:\/\/www.europesays.com\/pt\/wp-json\/wp\/v2\/posts\/122826\/revisions"}],"wp:featuredmedia":[{"embeddable":true,"href":"https:\/\/www.europesays.com\/pt\/wp-json\/wp\/v2\/media\/122827"}],"wp:attachment":[{"href":"https:\/\/www.europesays.com\/pt\/wp-json\/wp\/v2\/media?parent=122826"}],"wp:term":[{"taxonomy":"category","embeddable":true,"href":"https:\/\/www.europesays.com\/pt\/wp-json\/wp\/v2\/categories?post=122826"},{"taxonomy":"post_tag","embeddable":true,"href":"https:\/\/www.europesays.com\/pt\/wp-json\/wp\/v2\/tags?post=122826"}],"curies":[{"name":"wp","href":"https:\/\/api.w.org\/{rel}","templated":true}]}}