{"id":122838,"date":"2025-10-23T09:52:10","date_gmt":"2025-10-23T09:52:10","guid":{"rendered":"https:\/\/www.europesays.com\/pt\/122838\/"},"modified":"2025-10-23T09:52:10","modified_gmt":"2025-10-23T09:52:10","slug":"eta-mundo-melhor-celso-ve-estela-com-tulio-no-resumo-do-capitulo-de-quinta-23","status":"publish","type":"post","link":"https:\/\/www.europesays.com\/pt\/122838\/","title":{"rendered":"\u00cata Mundo Melhor: Celso v\u00ea Estela com T\u00falio no resumo do cap\u00edtulo de quinta (23)"},"content":{"rendered":"<p>                        <img width=\"944\" height=\"531\" src=\"https:\/\/www.europesays.com\/pt\/wp-content\/uploads\/2025\/10\/resumo-eta-mundo-melhor-quinta-feira-23-outubro-de-2025-944x531.jpg\" class=\"attachment-custom-large size-custom-large article-featured-image\" alt=\"resumo eta mundo melhor quinta feira 23 outubro de 2025\" fetchpriority=\"high\" decoding=\"async\"  \/><\/p>\n<p>Confira o resumo do cap\u00edtulo de quinta-feira (23) de \u00cata Mundo Melhor!<\/p>\n<p>Candinho (S\u00e9rgio Guiz\u00e9) e Policarpo seguem presos em \u00cata Mundo Melhor!. Isso vai deixar o professor Asdr\u00fabal (Luis Miranda) aflito. E Celso (Rainer Cadete) vai reencontrar Estela (Larissa Manoela). O que ele n\u00e3o esperava era ver ela junto com T\u00falio (Cadu Libonati).<\/p>\n<p>Continua depois da publicidade<\/p>\n<p>Veja o que acontece nesta quinta-feira (23) em \u00cata Mundo Melhor!<\/p>\n<p>Asdr\u00fabal visita Candinho e Policarpo. T\u00falio revela a Lauro e Celso que encontrou <strong><a href=\"https:\/\/www.nsctotal.com.br\/noticias\/globo-divulga-as-primeiras-imagens-de-estela-e-tulio-juntos-em-eta-mundo-melhor\" target=\"_blank\" rel=\"noreferrer noopener nofollow\">Estela<\/a><\/strong>. In\u00eas planeja afastar Sandra de Ernesto. Celso exige que Simb\u00e1 conte a verdade sobre Policarpo para o delegado. Medeia procura pelo mapa das esmeraldas nos pertences de Asdr\u00fabal.<\/p>\n<p>Margarida inventa para L\u00facio que conhece Adamo Angel. Olga pede que Tamires a deixe trabalhar no dancing. Zenaide conhece Pombinha, m\u00e3e de Sabi\u00e1. Dita questiona Ernesto sobre o paradeiro de Estela. Ara\u00fajo convida Hayd\u00e9e para sair. S\u00f4nia e Picol\u00e9 combinam seu retorno para S\u00e3o Paulo. Celso vai ao encontro de Estela, e a v\u00ea com T\u00falio.\u00a0<\/p>\n<p>Os resumos podem sofrer altera\u00e7\u00f5es conforme a edi\u00e7\u00e3o das <strong><a href=\"https:\/\/gshow.globo.com\/novelas\/eta-mundo-melhor\/\" target=\"_blank\" rel=\"noreferrer noopener nofollow\">novelas<\/a><\/strong>. <\/p>\n<p>Continua depois da publicidade<\/p>\n","protected":false},"excerpt":{"rendered":"Confira o resumo do cap\u00edtulo de quinta-feira (23) de \u00cata Mundo Melhor! Candinho (S\u00e9rgio Guiz\u00e9) e Policarpo seguem&hellip;\n","protected":false},"author":2,"featured_media":122839,"comment_status":"","ping_status":"","sticky":false,"template":"","format":"standard","meta":{"footnotes":""},"categories":[142],"tags":[114,115,32,33,151,543],"class_list":{"0":"post-122838","1":"post","2":"type-post","3":"status-publish","4":"format-standard","5":"has-post-thumbnail","7":"category-tv","8":"tag-entertainment","9":"tag-entretenimento","10":"tag-portugal","11":"tag-pt","12":"tag-tv","13":"tag-ver-ouvir-ler"},"share_on_mastodon":{"url":"https:\/\/pubeurope.com\/@pt\/115422871200643391","error":""},"_links":{"self":[{"href":"https:\/\/www.europesays.com\/pt\/wp-json\/wp\/v2\/posts\/122838","targetHints":{"allow":["GET"]}}],"collection":[{"href":"https:\/\/www.europesays.com\/pt\/wp-json\/wp\/v2\/posts"}],"about":[{"href":"https:\/\/www.europesays.com\/pt\/wp-json\/wp\/v2\/types\/post"}],"author":[{"embeddable":true,"href":"https:\/\/www.europesays.com\/pt\/wp-json\/wp\/v2\/users\/2"}],"replies":[{"embeddable":true,"href":"https:\/\/www.europesays.com\/pt\/wp-json\/wp\/v2\/comments?post=122838"}],"version-history":[{"count":0,"href":"https:\/\/www.europesays.com\/pt\/wp-json\/wp\/v2\/posts\/122838\/revisions"}],"wp:featuredmedia":[{"embeddable":true,"href":"https:\/\/www.europesays.com\/pt\/wp-json\/wp\/v2\/media\/122839"}],"wp:attachment":[{"href":"https:\/\/www.europesays.com\/pt\/wp-json\/wp\/v2\/media?parent=122838"}],"wp:term":[{"taxonomy":"category","embeddable":true,"href":"https:\/\/www.europesays.com\/pt\/wp-json\/wp\/v2\/categories?post=122838"},{"taxonomy":"post_tag","embeddable":true,"href":"https:\/\/www.europesays.com\/pt\/wp-json\/wp\/v2\/tags?post=122838"}],"curies":[{"name":"wp","href":"https:\/\/api.w.org\/{rel}","templated":true}]}}