{"id":122851,"date":"2025-10-23T10:05:12","date_gmt":"2025-10-23T10:05:12","guid":{"rendered":"https:\/\/www.europesays.com\/pt\/122851\/"},"modified":"2025-10-23T10:05:12","modified_gmt":"2025-10-23T10:05:12","slug":"clube-de-leitura-regressa-a-biblioteca-de-montoito-a-27-de-outubro","status":"publish","type":"post","link":"https:\/\/www.europesays.com\/pt\/122851\/","title":{"rendered":"Clube de Leitura regressa \u00e0 Biblioteca de Montoito a 27 de outubro"},"content":{"rendered":"<p>A Biblioteca de Montoito, no concelho de Redondo, recebe no pr\u00f3ximo dia 27 de outubro, pelas 21h00, uma nova sess\u00e3o do Clube de Leitura, iniciativa promovida pelo Munic\u00edpio de Redondo.<\/p>\n<p>O encontro convida a comunidade a partilhar o gosto pelos livros e pela leitura, num espa\u00e7o de di\u00e1logo e troca de impress\u00f5es sobre as obras que cada participante tem explorado.<\/p>\n<p>Com este projeto, a autarquia pretende estimular h\u00e1bitos de leitura, refor\u00e7ar o sentido de comunidade e incentivar a partilha de experi\u00eancias liter\u00e1rias num ambiente descontra\u00eddo e acolhedor.<\/p>\n<p>A participa\u00e7\u00e3o \u00e9 gratuita e aberta a todos os interessados, refletindo o compromisso da biblioteca local em tornar a cultura acess\u00edvel e participativa.<\/p>\n","protected":false},"excerpt":{"rendered":"A Biblioteca de Montoito, no concelho de Redondo, recebe no pr\u00f3ximo dia 27 de outubro, pelas 21h00, uma&hellip;\n","protected":false},"author":2,"featured_media":122852,"comment_status":"","ping_status":"","sticky":false,"template":"","format":"standard","meta":{"footnotes":""},"categories":[143],"tags":[169,114,115,170,32,33],"class_list":{"0":"post-122851","1":"post","2":"type-post","3":"status-publish","4":"format-standard","5":"has-post-thumbnail","7":"category-livros","8":"tag-books","9":"tag-entertainment","10":"tag-entretenimento","11":"tag-livros","12":"tag-portugal","13":"tag-pt"},"share_on_mastodon":{"url":"https:\/\/pubeurope.com\/@pt\/115422922358829574","error":""},"_links":{"self":[{"href":"https:\/\/www.europesays.com\/pt\/wp-json\/wp\/v2\/posts\/122851","targetHints":{"allow":["GET"]}}],"collection":[{"href":"https:\/\/www.europesays.com\/pt\/wp-json\/wp\/v2\/posts"}],"about":[{"href":"https:\/\/www.europesays.com\/pt\/wp-json\/wp\/v2\/types\/post"}],"author":[{"embeddable":true,"href":"https:\/\/www.europesays.com\/pt\/wp-json\/wp\/v2\/users\/2"}],"replies":[{"embeddable":true,"href":"https:\/\/www.europesays.com\/pt\/wp-json\/wp\/v2\/comments?post=122851"}],"version-history":[{"count":0,"href":"https:\/\/www.europesays.com\/pt\/wp-json\/wp\/v2\/posts\/122851\/revisions"}],"wp:featuredmedia":[{"embeddable":true,"href":"https:\/\/www.europesays.com\/pt\/wp-json\/wp\/v2\/media\/122852"}],"wp:attachment":[{"href":"https:\/\/www.europesays.com\/pt\/wp-json\/wp\/v2\/media?parent=122851"}],"wp:term":[{"taxonomy":"category","embeddable":true,"href":"https:\/\/www.europesays.com\/pt\/wp-json\/wp\/v2\/categories?post=122851"},{"taxonomy":"post_tag","embeddable":true,"href":"https:\/\/www.europesays.com\/pt\/wp-json\/wp\/v2\/tags?post=122851"}],"curies":[{"name":"wp","href":"https:\/\/api.w.org\/{rel}","templated":true}]}}