{"id":122892,"date":"2025-10-23T10:44:08","date_gmt":"2025-10-23T10:44:08","guid":{"rendered":"https:\/\/www.europesays.com\/pt\/122892\/"},"modified":"2025-10-23T10:44:08","modified_gmt":"2025-10-23T10:44:08","slug":"afinal-o-que-chamou-a-leandro-dylan-explica-palavras-polemicas-e-ameaca-desistir-secret-story","status":"publish","type":"post","link":"https:\/\/www.europesays.com\/pt\/122892\/","title":{"rendered":"Afinal, o que chamou a Leandro? Dylan explica palavras pol\u00e9micas e amea\u00e7a desistir &#8211; Secret Story"},"content":{"rendered":"<p>A casa do Secret Story est\u00e1 ao rubro e o Especial desta quarta-feira ficou marcado por muitos confrontos e acusa\u00e7\u00f5es pol\u00e9micas. Dylan e Leandro foram os protagonistas de um desses momentos de tens\u00e3o, quando o primeiro <a href=\"https:\/\/tvi.iol.pt\/secretstory\/videos\/a-arder-dylan-justifica-as-palavras-dirigidas-a-leandro-saio-por-aquela-porta\/68f944ee0cf29d28d8297e77\" rel=\"nofollow noopener\" target=\"_blank\">foi confrontado com as palavras pol\u00e9micas que disse e teve de as justificar.\u00a0<\/a><\/p>\n<p>\u00abO que \u00e9 que quis dizer quando chamou \u2018panasco\u2019 ao Leandro?\u00bb, questionou a Voz. \u00abEu disse \u2018cara de panasco\u2019, para mim era como ele estava ali de boca aberta a olhar para n\u00f3s\u00bb, respondeu. Cristina Ferreira interveio: \u00abO que \u00e9 que quer dizer \u2018panasco\u2019?\u00bb e Dylan reagiu: \u00abA meu ver \u00e9 tipo um tot\u00f3\u00bb.<\/p>\n<p>A resposta do concorrente n\u00e3o convenceu os colegas e rapidamente se gerou um burburinho, que foi interrompido por Marisa: \u00abNa minha terra quer dizer que isso \u00e9 um gay\u00bb. Dylan n\u00e3o gostou da insinua\u00e7\u00e3o e negou ter sido essa a inten\u00e7\u00e3o, deixando at\u00e9 um aviso s\u00e9rio.\u00a0<\/p>\n<p>\u00abEu disse \u2018cara de panasco\u2019, tipo cara de tot\u00f3, nunca me referi a ser gay. Se acham que eu disse isto para chamar gay ao Leandro est\u00e3o completamente enganados e se acham isso eu sou o primeiro a levantar-me e a sair daquela porta ainda hoje, porque n\u00e3o foi isso que eu quis dizer\u00bb, afirmou.\u00a0<\/p>\n<p>\u00a0<\/p>\n<p>O concorrente insistiu: \u00abN\u00e3o tenho problema nenhum se ele o for (gay), \u00e9-me igual \u00e0 letra, portanto que fique bem claro que n\u00e3o foi isso que eu quis dizer e se algu\u00e9m achar que foi isso que eu disse eu n\u00e3o tenho problema nenhum em sair por ali, levantar-me e ir embora agora mesmo\u00bb.\u00a0<\/p>\n","protected":false},"excerpt":{"rendered":"A casa do Secret Story est\u00e1 ao rubro e o Especial desta quarta-feira ficou marcado por muitos confrontos&hellip;\n","protected":false},"author":2,"featured_media":122893,"comment_status":"","ping_status":"","sticky":false,"template":"","format":"standard","meta":{"footnotes":""},"categories":[85],"tags":[8113,2632,329,333,328,335,336,19105,114,115,334,330,12397,1326,338,19019,13,32,33,1315,8174,162,19020,227],"class_list":{"0":"post-122892","1":"post","2":"type-post","3":"status-publish","4":"format-standard","5":"has-post-thumbnail","7":"category-entretenimento","8":"tag-alice-alves","9":"tag-casa-dos-segredos","10":"tag-claudio-ramos","11":"tag-comentadores","12":"tag-concorrentes","13":"tag-confrontos","14":"tag-discussoes","15":"tag-dylan","16":"tag-entertainment","17":"tag-entretenimento","18":"tag-exclusivos","19":"tag-gala","20":"tag-leandro","21":"tag-mafalda-castro","22":"tag-maria-botelho-moniz","23":"tag-marta-cardoso","24":"tag-noticias","25":"tag-portugal","26":"tag-pt","27":"tag-secret-story","28":"tag-segredos","29":"tag-tvi","30":"tag-video-do-dia","31":"tag-videos"},"share_on_mastodon":{"url":"https:\/\/pubeurope.com\/@pt\/115423075574564167","error":""},"_links":{"self":[{"href":"https:\/\/www.europesays.com\/pt\/wp-json\/wp\/v2\/posts\/122892","targetHints":{"allow":["GET"]}}],"collection":[{"href":"https:\/\/www.europesays.com\/pt\/wp-json\/wp\/v2\/posts"}],"about":[{"href":"https:\/\/www.europesays.com\/pt\/wp-json\/wp\/v2\/types\/post"}],"author":[{"embeddable":true,"href":"https:\/\/www.europesays.com\/pt\/wp-json\/wp\/v2\/users\/2"}],"replies":[{"embeddable":true,"href":"https:\/\/www.europesays.com\/pt\/wp-json\/wp\/v2\/comments?post=122892"}],"version-history":[{"count":0,"href":"https:\/\/www.europesays.com\/pt\/wp-json\/wp\/v2\/posts\/122892\/revisions"}],"wp:featuredmedia":[{"embeddable":true,"href":"https:\/\/www.europesays.com\/pt\/wp-json\/wp\/v2\/media\/122893"}],"wp:attachment":[{"href":"https:\/\/www.europesays.com\/pt\/wp-json\/wp\/v2\/media?parent=122892"}],"wp:term":[{"taxonomy":"category","embeddable":true,"href":"https:\/\/www.europesays.com\/pt\/wp-json\/wp\/v2\/categories?post=122892"},{"taxonomy":"post_tag","embeddable":true,"href":"https:\/\/www.europesays.com\/pt\/wp-json\/wp\/v2\/tags?post=122892"}],"curies":[{"name":"wp","href":"https:\/\/api.w.org\/{rel}","templated":true}]}}