{"id":122894,"date":"2025-10-23T10:46:08","date_gmt":"2025-10-23T10:46:08","guid":{"rendered":"https:\/\/www.europesays.com\/pt\/122894\/"},"modified":"2025-10-23T10:46:08","modified_gmt":"2025-10-23T10:46:08","slug":"tap-nao-recorre-e-vai-pagar-300-milhoes-de-euros-a-tripulantes-que-despediu","status":"publish","type":"post","link":"https:\/\/www.europesays.com\/pt\/122894\/","title":{"rendered":"TAP n\u00e3o recorre e vai pagar 300 milh\u00f5es de euros a tripulantes que despediu"},"content":{"rendered":"<p>No final de setembro, o TC recusou o recurso da TAP no processo interposto por centenas de tripulantes que a companhia a\u00e9rea dispensou durante a pandemia de covid-19, n\u00e3o renovando os seus contratos de trabalho a termo.<\/p>\n<p data-remotead-prev-elm=\"true\" data-remotead-elm-id=\"inread\">A TAP tinha dez dias para reclamar da decis\u00e3o, mas, segundo o &#8220;Di\u00e1rio de Not\u00edcias&#8221;, n\u00e3o reclamou da decis\u00e3o e agora transita em julgado. A decis\u00e3o do TC \u00e9 unificadora e aplica-se aos processos que j\u00e1 deram entrada nos tribunais, bem como a outros 700 que v\u00e3o entrar em breve e a outros 1300 tripulantes que tiveram contratos a prazo com a TAP, desde 2026.<\/p>\n<p>&#8220;O recurso foi indeferido pelo Tribunal&#8221;, confirmou, em setembro, o Sindicato Nacional do Pessoal de Voo da Avia\u00e7\u00e3o Civil (SNPVAC). O TC concluiu que os contratos a prazo na TAP estavam mal fundamentados e que os trabalhadores em causa deveriam estar integrados no quadro de pessoal como efetivos, desde o primeiro dia, pelo que lhes \u00e9 devido o pagamento de retroativos. Al\u00e9m disso, por ser uma decis\u00e3o unificadora, abre a porta a que cerca de dois mil tripulantes admitidos na TAP com contratos a prazo, desde 2006, possam fazer a mesma exig\u00eancia.<\/p>\n<p data-remotead-prev-elm=\"true\" data-remotead-elm-id=\"centro1\">O SNPVAC estima que o custo da decis\u00e3o judicial possa ascender aos 300 milh\u00f5es de euros. S\u00e3o contas significativas numa altura em que a privatiza\u00e7\u00e3o da TAP est\u00e1 em curso e este passivo laboral de grande escala pode ter peso nas contas dos interessados, que s\u00e3o a Lufthansa, o grupo IAG e a Air France\/KLM.<\/p>\n","protected":false},"excerpt":{"rendered":"No final de setembro, o TC recusou o recurso da TAP no processo interposto por centenas de tripulantes&hellip;\n","protected":false},"author":2,"featured_media":122895,"comment_status":"","ping_status":"","sticky":false,"template":"","format":"standard","meta":{"footnotes":""},"categories":[83],"tags":[88,1167,476,89,90,11498,619,32,33,1365],"class_list":{"0":"post-122894","1":"post","2":"type-post","3":"status-publish","4":"format-standard","5":"has-post-thumbnail","7":"category-empresas","8":"tag-business","9":"tag-despedimentos","10":"tag-economia","11":"tag-economy","12":"tag-empresas","13":"tag-indemnizacao","14":"tag-nacional","15":"tag-portugal","16":"tag-pt","17":"tag-tap"},"share_on_mastodon":{"url":"https:\/\/pubeurope.com\/@pt\/115423083601276450","error":""},"_links":{"self":[{"href":"https:\/\/www.europesays.com\/pt\/wp-json\/wp\/v2\/posts\/122894","targetHints":{"allow":["GET"]}}],"collection":[{"href":"https:\/\/www.europesays.com\/pt\/wp-json\/wp\/v2\/posts"}],"about":[{"href":"https:\/\/www.europesays.com\/pt\/wp-json\/wp\/v2\/types\/post"}],"author":[{"embeddable":true,"href":"https:\/\/www.europesays.com\/pt\/wp-json\/wp\/v2\/users\/2"}],"replies":[{"embeddable":true,"href":"https:\/\/www.europesays.com\/pt\/wp-json\/wp\/v2\/comments?post=122894"}],"version-history":[{"count":0,"href":"https:\/\/www.europesays.com\/pt\/wp-json\/wp\/v2\/posts\/122894\/revisions"}],"wp:featuredmedia":[{"embeddable":true,"href":"https:\/\/www.europesays.com\/pt\/wp-json\/wp\/v2\/media\/122895"}],"wp:attachment":[{"href":"https:\/\/www.europesays.com\/pt\/wp-json\/wp\/v2\/media?parent=122894"}],"wp:term":[{"taxonomy":"category","embeddable":true,"href":"https:\/\/www.europesays.com\/pt\/wp-json\/wp\/v2\/categories?post=122894"},{"taxonomy":"post_tag","embeddable":true,"href":"https:\/\/www.europesays.com\/pt\/wp-json\/wp\/v2\/tags?post=122894"}],"curies":[{"name":"wp","href":"https:\/\/api.w.org\/{rel}","templated":true}]}}