{"id":122904,"date":"2025-10-23T10:55:18","date_gmt":"2025-10-23T10:55:18","guid":{"rendered":"https:\/\/www.europesays.com\/pt\/122904\/"},"modified":"2025-10-23T10:55:18","modified_gmt":"2025-10-23T10:55:18","slug":"o-novo-frankenstein-e-destaques-da-mostra-de-cinema-22-10-2025-thiago-stivaletti","status":"publish","type":"post","link":"https:\/\/www.europesays.com\/pt\/122904\/","title":{"rendered":"O novo &#8216;Frankenstein&#8217; e destaques da Mostra de Cinema &#8211; 22\/10\/2025 &#8211; Thiago Stivaletti"},"content":{"rendered":"<p>H\u00e1 49 anos, todo paulistano que ama <a href=\"https:\/\/www1.folha.uol.com.br\/folha-topicos\/cinema\/\" rel=\"nofollow noopener\" target=\"_blank\">cinema<\/a> sabe: a segunda quinzena de outubro \u00e9 tempo de Mostra Internacional de Cinema. O festival criado por Leon Cakoff no distante ano de 1977 costuma fazer um belo painel dos anseios e pesadelos do mundo em seus mais de 370 filmes exibidos em duas semanas. Desta vez, monstros da fic\u00e7\u00e3o e pesadelos do mundo real \u2013com destaque para o genoc\u00eddio em Gaza\u2013 ocupam o imagin\u00e1rio do espectador em grandes filmes.<\/p>\n<p>  <a href=\"https:\/\/f5.folha.uol.com.br\/colunistas\/thiagostivaletti\/\" rel=\"nofollow noopener\" target=\"_blank\"><br \/>\n    <img decoding=\"async\" src=\"https:\/\/www.europesays.com\/pt\/wp-content\/uploads\/2025\/08\/171986525566830fa7f3371_1719865255_1x1_xs.jpg\" alt=\"Foto de Thiago Stivaletti\" class=\"img-responsive c-lazyload\"\/><\/p>\n<p>  <\/a><\/p>\n<p class=\"author__description\">\n    Thiago Stivaletti \u00e9 jornalista e cr\u00edtico de cinema, TV e streaming. Foi rep\u00f3rter na Folha de S.Paulo e colunista do UOL. Como roteirista, escreveu para o V\u00eddeo Show (Globo) e o TVZ (Multishow)\n  <\/p>\n","protected":false},"excerpt":{"rendered":"H\u00e1 49 anos, todo paulistano que ama cinema sabe: a segunda quinzena de outubro \u00e9 tempo de Mostra&hellip;\n","protected":false},"author":2,"featured_media":122905,"comment_status":"","ping_status":"","sticky":false,"template":"","format":"standard","meta":{"footnotes":""},"categories":[140],"tags":[219,211,470,223,114,115,224,225,147,148,226,3713,221,220,222,259,26328,15417,5267,146,716,28419,431,32,33,1588,28420,940,218,228,227],"class_list":{"0":"post-122904","1":"post","2":"type-post","3":"status-publish","4":"format-standard","5":"has-post-thumbnail","7":"category-filmes","8":"tag-bichos","9":"tag-celebridades","10":"tag-cinema","11":"tag-colunistas","12":"tag-entertainment","13":"tag-entretenimento","14":"tag-estranho","15":"tag-eu-amo","16":"tag-film","17":"tag-filmes","18":"tag-fofices","19":"tag-guillermo-del-toro","20":"tag-horoscopo","21":"tag-humanos","22":"tag-humor","23":"tag-israel","24":"tag-maria-gladys","25":"tag-mia-goth","26":"tag-mostra-de-cinema","27":"tag-movies","28":"tag-netflix","29":"tag-oriente-mdio","30":"tag-palestina","31":"tag-portugal","32":"tag-pt","33":"tag-sries","34":"tag-segunda-guerra","35":"tag-streaming","36":"tag-televisao","37":"tag-tudo","38":"tag-videos"},"share_on_mastodon":{"url":"https:\/\/pubeurope.com\/@pt\/115423119277779373","error":""},"_links":{"self":[{"href":"https:\/\/www.europesays.com\/pt\/wp-json\/wp\/v2\/posts\/122904","targetHints":{"allow":["GET"]}}],"collection":[{"href":"https:\/\/www.europesays.com\/pt\/wp-json\/wp\/v2\/posts"}],"about":[{"href":"https:\/\/www.europesays.com\/pt\/wp-json\/wp\/v2\/types\/post"}],"author":[{"embeddable":true,"href":"https:\/\/www.europesays.com\/pt\/wp-json\/wp\/v2\/users\/2"}],"replies":[{"embeddable":true,"href":"https:\/\/www.europesays.com\/pt\/wp-json\/wp\/v2\/comments?post=122904"}],"version-history":[{"count":0,"href":"https:\/\/www.europesays.com\/pt\/wp-json\/wp\/v2\/posts\/122904\/revisions"}],"wp:featuredmedia":[{"embeddable":true,"href":"https:\/\/www.europesays.com\/pt\/wp-json\/wp\/v2\/media\/122905"}],"wp:attachment":[{"href":"https:\/\/www.europesays.com\/pt\/wp-json\/wp\/v2\/media?parent=122904"}],"wp:term":[{"taxonomy":"category","embeddable":true,"href":"https:\/\/www.europesays.com\/pt\/wp-json\/wp\/v2\/categories?post=122904"},{"taxonomy":"post_tag","embeddable":true,"href":"https:\/\/www.europesays.com\/pt\/wp-json\/wp\/v2\/tags?post=122904"}],"curies":[{"name":"wp","href":"https:\/\/api.w.org\/{rel}","templated":true}]}}