{"id":122920,"date":"2025-10-23T11:07:48","date_gmt":"2025-10-23T11:07:48","guid":{"rendered":"https:\/\/www.europesays.com\/pt\/122920\/"},"modified":"2025-10-23T11:07:48","modified_gmt":"2025-10-23T11:07:48","slug":"entrou-com-namorado-mas-esta-na-mira-de-dois-concorrentes-e-nao-e-liliana-secret-story","status":"publish","type":"post","link":"https:\/\/www.europesays.com\/pt\/122920\/","title":{"rendered":"Entrou com namorado, mas est\u00e1 na mira de dois concorrentes. E n\u00e3o \u00e9 Liliana &#8211; Secret Story"},"content":{"rendered":"<p data-end=\"92\" data-start=\"0\">A casa do Secret Story 9 n\u00e3o podia estar mais agitada \u2014 e o nome que est\u00e1 no centro de tudo \u00e9 o de <strong data-end=\"203\" data-start=\"195\">In\u00eas<\/strong>. A concorrente entrou no jogo com namorado fora da casa, mas rapidamente se tornou uma das concorrentes mais disputadas.\u00a0Nos \u00faltimos dias, <strong data-end=\"478\" data-start=\"397\">In\u00eas tem sido o elo entre dois dos concorrentes mais medi\u00e1ticos: Dylan e Vera<\/strong>, num enredo que mistura cumplicidade, tens\u00e3o e sentimentos \u00e0 flor da pele.<\/p>\n<p data-end=\"92\" data-start=\"0\">\u00a0<\/p>\n<p>In\u00eas e Dylan: o concorrente assume interesse na colega<\/p>\n<p data-end=\"1024\" data-start=\"555\"><a href=\"https:\/\/tvi.iol.pt\/secretstory\/dylan\/vera\/com-namorado-ca-fora-ines-e-o-novo-alvo-romantico-de-dylan-as-confissoes-mais-inesperadas-do-concorrente-aqui\" rel=\"nofollow noopener\" target=\"_blank\">A aproxima\u00e7\u00e3o entre In\u00eas e Dylan come\u00e7ou de forma discreta<\/a>, mas depressa ganhou destaque dentro da casa. Durante uma noite de cinema, os dois trocaram olhares c\u00famplices e gestos de carinho que n\u00e3o passaram despercebidos aos colegas. Vera foi a primeira a levantar suspeitas, insinuando que Dylan poderia estar a criar um \u201cenredo\u201d para se manter no jogo. J\u00e1 Mariana atirou, em tom provocador: \u201c<strong>Ele ainda se vai apaixonar.\u201d<\/strong><\/p>\n<p data-end=\"1351\" data-start=\"1026\">As palavras deixaram In\u00eas visivelmente desconfort\u00e1vel, mas o sil\u00eancio de Dylan \u2014 <a href=\"https:\/\/tvi.iol.pt\/secretstory\/videos\/dylan-assume-interesse-por-ines-e-ha-uma-mao-do-concorrente-que-nao-passa-despercebida\/68f672950cf29d28d8297724\" rel=\"nofollow noopener\" target=\"_blank\">com a m\u00e3o pousada no ombro da colega<\/a> \u2014 disse mais do que mil palavras.<\/p>\n<p>No confession\u00e1rio, o concorrente acabou por confirmar o que muitos j\u00e1 suspeitavam: \u201cA minha aproxima\u00e7\u00e3o a ela tem-me trazido conforto. \u00c9 uma pessoa de quem gosto muito.\u201d<\/p>\n<p data-end=\"1658\" data-start=\"1353\">Apesar disso, Dylan fez quest\u00e3o de frisar que respeita o facto de In\u00eas ter um namorado fora da casa. \u201cJamais teria segundas inten\u00e7\u00f5es\u201d, afirmou \u2014 mas pouco depois, em conversa com \u201cA Voz\u201d, admitiu o inevit\u00e1vel: \u201cTenho segundas inten\u00e7\u00f5es, sim, mas n\u00e3o vou for\u00e7ar nada. Se for para acontecer, acontece.\u201d<\/p>\n<p>De Vera para In\u00eas: o tri\u00e2ngulo improv\u00e1vel <\/p>\n<p>At\u00e9 h\u00e1 pouco tempo, Dylan e Vera eram uma das duplas mais fortes do jogo, mas a rela\u00e7\u00e3o rapidamente descambou e Vera p\u00f4s fim ao que ambos tinham. Tudo mudou durante uma gala, quando <strong data-end=\"1874\" data-start=\"1838\">a cumplicidade entre Vera e In\u00eas<\/strong> come\u00e7ou a dar que falar.<\/p>\n<p>As duas concorrentes trocaram confid\u00eancias e gestos de carinho que n\u00e3o passaram despercebidos, e Vera chegou mesmo a admitir sentir \u201calgo mais\u201d por In\u00eas \u2014 uma revela\u00e7\u00e3o que deixou Dylan em choque.<\/p>\n<p data-end=\"2435\" data-start=\"2103\">Desde ent\u00e3o, o ambiente dentro da casa tornou-se tenso. <a href=\"https:\/\/tvi.iol.pt\/secretstory\/fotos\/a-voz-ja-decidiu-vera-e-expulsa-do-secret-story-e-as-imagens-do-momento-sao-estas\/68f6ab1cd34e58bc67971ce9\" rel=\"nofollow noopener\" target=\"_blank\"><strong>Dylan sente-se tra\u00eddo e teceu duras cr\u00edticas a Vera, o que levou a que a agora ex-concorrente perde-se a paci\u00eancia e acabasse por ser expulsa do programa.<\/strong><\/a><\/p>\n<p>In\u00eas entrou com o cora\u00e7\u00e3o comprometido, mas tornou-se, em pouco tempo, <strong data-end=\"2640\" data-start=\"2574\">a protagonista de um dos tri\u00e2ngulos mais intensos da temporada<\/strong>. Entre a amizade especial com Dylan e a liga\u00e7\u00e3o inesperada com Vera, a jovem promete continuar a dar que falar dentro e fora da casa mais vigiada do pa\u00eds.<\/p>\n<ul>\n<li>Veja as imagens mais sensuais de In\u00eas na galeria acima.<\/li>\n<\/ul>\n","protected":false},"excerpt":{"rendered":"A casa do Secret Story 9 n\u00e3o podia estar mais agitada \u2014 e o nome que est\u00e1 no&hellip;\n","protected":false},"author":2,"featured_media":122921,"comment_status":"","ping_status":"","sticky":false,"template":"","format":"standard","meta":{"footnotes":""},"categories":[142],"tags":[18706,19105,114,115,18705,15353,32,33,151,11841,18704],"class_list":{"0":"post-122920","1":"post","2":"type-post","3":"status-publish","4":"format-standard","5":"has-post-thumbnail","7":"category-tv","8":"tag-bastidores-secret-story","9":"tag-dylan","10":"tag-entertainment","11":"tag-entretenimento","12":"tag-entrevistas-concorrentes-tvi","13":"tag-ines","14":"tag-portugal","15":"tag-pt","16":"tag-tv","17":"tag-vera","18":"tag-vida-fora-da-casa"},"share_on_mastodon":{"url":"https:\/\/pubeurope.com\/@pt\/115423169953656593","error":""},"_links":{"self":[{"href":"https:\/\/www.europesays.com\/pt\/wp-json\/wp\/v2\/posts\/122920","targetHints":{"allow":["GET"]}}],"collection":[{"href":"https:\/\/www.europesays.com\/pt\/wp-json\/wp\/v2\/posts"}],"about":[{"href":"https:\/\/www.europesays.com\/pt\/wp-json\/wp\/v2\/types\/post"}],"author":[{"embeddable":true,"href":"https:\/\/www.europesays.com\/pt\/wp-json\/wp\/v2\/users\/2"}],"replies":[{"embeddable":true,"href":"https:\/\/www.europesays.com\/pt\/wp-json\/wp\/v2\/comments?post=122920"}],"version-history":[{"count":0,"href":"https:\/\/www.europesays.com\/pt\/wp-json\/wp\/v2\/posts\/122920\/revisions"}],"wp:featuredmedia":[{"embeddable":true,"href":"https:\/\/www.europesays.com\/pt\/wp-json\/wp\/v2\/media\/122921"}],"wp:attachment":[{"href":"https:\/\/www.europesays.com\/pt\/wp-json\/wp\/v2\/media?parent=122920"}],"wp:term":[{"taxonomy":"category","embeddable":true,"href":"https:\/\/www.europesays.com\/pt\/wp-json\/wp\/v2\/categories?post=122920"},{"taxonomy":"post_tag","embeddable":true,"href":"https:\/\/www.europesays.com\/pt\/wp-json\/wp\/v2\/tags?post=122920"}],"curies":[{"name":"wp","href":"https:\/\/api.w.org\/{rel}","templated":true}]}}