{"id":122922,"date":"2025-10-23T11:09:28","date_gmt":"2025-10-23T11:09:28","guid":{"rendered":"https:\/\/www.europesays.com\/pt\/122922\/"},"modified":"2025-10-23T11:09:28","modified_gmt":"2025-10-23T11:09:28","slug":"star-wars-adam-driver-revela-que-propos-filme-sobre-o-retorno-de-ben-solo-mas-disney-recusou","status":"publish","type":"post","link":"https:\/\/www.europesays.com\/pt\/122922\/","title":{"rendered":"&#8216;Star Wars&#8217;: Adam Driver revela que prop\u00f4s filme sobre o retorno de Ben Solo, mas Disney recusou"},"content":{"rendered":"<p>O astro <strong><a href=\"https:\/\/cinepop.com.br\/tag\/adam-driver\/\" title=\"Adam Driver\" rel=\"nofollow noopener\" target=\"_blank\">Adam Driver<\/a><\/strong> falou recentemente sobre a franquia de sucesso<strong> \u2018<a href=\"https:\/\/cinepop.com.br\/tag\/star-wars\/\" title=\"Star Wars\" rel=\"nofollow noopener\" target=\"_blank\">Star Wars<\/a>\u2019<\/strong>, revelando que n\u00e3o estava pronto para se despedir, e chegou a apresentar \u00e0 <a href=\"https:\/\/cinepop.com.br\/tag\/lucasfilm\/\" title=\"Lucasfilm\" rel=\"nofollow noopener\" target=\"_blank\">Lucasfilm<\/a> e \u00e0 <a href=\"https:\/\/cinepop.com.br\/tag\/disney\/\" title=\"Disney\" rel=\"nofollow noopener\" target=\"_blank\">Disney<\/a> uma proposta de spin-off que seria uma continua\u00e7\u00e3o direta de <strong>\u2018A Ascens\u00e3o Skywalker\u2019<\/strong> (2019).<\/p>\n<p>\u201cEu sempre tive interesse em fazer mais um <a href=\"https:\/\/cinepop.com.br\/tag\/star-wars\/\" title=\"Star Wars\" rel=\"nofollow noopener\" target=\"_blank\">Star Wars<\/a>\u201d, disse o ator, conforme o <a href=\"https:\/\/deadline.com\/2025\/10\/adam-driver-disney-shot-down-ben-solo-star-wars-spinoff-1236592654\/\" rel=\"nofollow noopener\" target=\"_blank\">Deadline<\/a>. \u201cDesde 2021, eu vinha conversando sobre isso. A Kathleen [Kennedy, presidente da <a href=\"https:\/\/cinepop.com.br\/tag\/lucasfilm\/\" title=\"Lucasfilm\" rel=\"nofollow noopener\" target=\"_blank\">Lucasfilm<\/a>] entrou em contato. Sempre disse: com um \u00f3timo diretor e uma boa hist\u00f3ria, eu toparia na hora. Eu amava aquele personagem e adorava interpret\u00e1-lo\u201d.<\/p>\n<p><a href=\"https:\/\/cinepop.com.br\/star-wars-mark-hamill-volta-a-comentar-possibilidade-de-reprisar-papel-como-luke-skywalker-698333\/\" rel=\"nofollow noopener\" target=\"_blank\">\u2018Star Wars\u2019: Mark Hamill volta a comentar possibilidade de reprisar papel como Luke Skywalker<\/a><\/p>\n<p><strong>Driver<\/strong> revelou que o conceito do filme foi transformado em um roteiro escrito por <strong>Steven Soderbergh<\/strong>, que ele descreveu como: \u201cUm dos roteiros mais incr\u00edveis que j\u00e1 li em toda a minha carreira\u201d.<\/p>\n<p>Segundo o ator, o roteiro foi apresentado \u00e0 <a href=\"https:\/\/cinepop.com.br\/tag\/lucasfilm\/\" title=\"Lucasfilm\" rel=\"nofollow noopener\" target=\"_blank\">Lucasfilm<\/a>, que adorou a ideia e entendeu o \u201cmotivo e a abordagem\u201d proposta para trazer Ben Solo de volta.\u00a0No entanto, quando a proposta foi levada aos executivos da <a href=\"https:\/\/cinepop.com.br\/tag\/disney\/\" title=\"Disney\" rel=\"nofollow noopener\" target=\"_blank\">Disney<\/a>, <strong>Bob Iger<\/strong> (CEO) e <strong>Alan Bergman<\/strong> disseram \u201cn\u00e3o\u201d.<\/p>\n<p>\u201cEles n\u00e3o conseguiam ver como Ben Solo poderia estar vivo. E foi isso. Acabou por ali\u201d, destacou.<\/p>\n<p>O filme se chamaria provisoriamente \u201cThe Hunt for Ben Solo\u201d (A Ca\u00e7a por Ben Solo), e segundo <strong>Driver<\/strong>:\u00a0\u201cMas esse projeto n\u00e3o existe mais, ent\u00e3o finalmente posso falar sobre ele\u201d.<\/p>\n<p><strong>Soderbergh<\/strong> comentou com bom humor: \u201cGostei muito de fazer o filme\u2026 na minha cabe\u00e7a. S\u00f3 lamento que os f\u00e3s n\u00e3o poder\u00e3o v\u00ea-lo\u201d.<\/p>\n<p><img fetchpriority=\"high\" decoding=\"async\" class=\"alignnone wp-image-353196 size-full\" src=\"https:\/\/www.europesays.com\/pt\/wp-content\/uploads\/2025\/10\/adam-driver-star-wars-comic-con-1.jpeg\" alt=\"\" width=\"800\" height=\"450\"  \/><\/p>\n<p>Lembrando que a segunda e \u00faltima temporada de <strong>\u2018<a href=\"https:\/\/cinepop.com.br\/tag\/andor\/\" title=\"Andor\" rel=\"nofollow noopener\" target=\"_blank\">Andor<\/a>\u2019<\/strong>, a mais recente adi\u00e7\u00e3o ao universo<strong> \u2018<a href=\"https:\/\/cinepop.com.br\/tag\/star-wars\/\" title=\"Star Wars\" rel=\"nofollow noopener\" target=\"_blank\">Star Wars<\/a>\u2019<\/strong>, j\u00e1 est\u00e1 dispon\u00edvel para streaming no cat\u00e1logo do <a href=\"https:\/\/cinepop.com.br\/tag\/disney\/\" title=\"Disney\" rel=\"nofollow noopener\" target=\"_blank\">Disney<\/a>+.<\/p>\n<p>Relembre o trailer:<\/p>\n<p data-pw-in-article=\"true\">Al\u00e9m de <strong><a href=\"https:\/\/cinepop.com.br\/tag\/diego-luna\/\" title=\"Diego Luna\" rel=\"nofollow noopener\" target=\"_blank\">Diego Luna<\/a><\/strong>, o elenco conta com <strong>Genevieve O\u2019Reilly<\/strong>,<strong> Adria Arjona <\/strong>(\u2018Esquadr\u00e3o 6\u2019), <strong>Denise Gough <\/strong>(\u2018Guerrilla\u2019), <strong><a href=\"https:\/\/cinepop.com.br\/tag\/stellan-skarsgard\/\" title=\"Stellan Skarsg\u00e5rd\" rel=\"nofollow noopener\" target=\"_blank\">Stellan Skarsg\u00e5rd<\/a> <\/strong>(\u2018Chernobyl\u2019), e<strong> <a href=\"https:\/\/cinepop.com.br\/tag\/kyle-soller\/\" title=\"Kyle Soller\" rel=\"nofollow noopener\" target=\"_blank\">Kyle Soller<\/a> <\/strong>(\u2018The Titan\u2019).\u00a0<strong>Ewan McGregor<\/strong> tamb\u00e9m pode reprisar seu papel como Obi-Wan Kenobi, enquanto\u00a0<strong>Andy Serkis<\/strong> volta como Snoke.<\/p>\n<p>O\u2019Reilly reprisa seu papel como a membro-chefe da Alian\u00e7a Rebelde, Mon Mothma, personagem que representou pela primeira vez em <strong>\u2018<a href=\"https:\/\/cinepop.com.br\/tag\/star-wars\/\" title=\"Star Wars\" rel=\"nofollow noopener\" target=\"_blank\">Star Wars<\/a>: A Vingan\u00e7a dos Sith\u2019 <\/strong>(2005) e depois em<strong> \u2018<a href=\"https:\/\/cinepop.com.br\/tag\/rogue-one\/\" title=\"Rogue One\" rel=\"nofollow noopener\" target=\"_blank\">Rogue One<\/a><\/strong>\u2018 (2016).<\/p>\n<p><strong>Nicholas Britell<\/strong> \u00e9 respons\u00e1vel pela trilha sonora. Ele \u00e9 conhecido por in\u00fameros projetos de grande aclame no cinema e na televis\u00e3o. Ele recebeu duas indica\u00e7\u00f5es ao Oscar por seu trabalho em <strong>\u2018Moonlight: Sob a Luz do Luar\u2019<\/strong> e em\u00a0<strong>\u2018Se a Rua Beale Falasse\u2019<\/strong>. Al\u00e9m disso, conquistou um Emmy Award por sua magn\u00edfica trilha para o ovacionado drama\u00a0<strong>\u2018Succession\u2019<\/strong>, onde trabalhou na primeira e na segunda temporadas. Seus outros cr\u00e9ditos incluem\u00a0<strong>\u2018A Grande Aposta\u2019<\/strong>,\u00a0<strong>\u2018Vice\u2019<\/strong>, <strong>\u2018Cruella\u2019<\/strong> e\u00a0<strong>\u2018N\u00e3o Olhe para Cima\u2019<\/strong>.<\/p>\n<p><img loading=\"lazy\" decoding=\"async\" src=\"https:\/\/www.europesays.com\/pt\/wp-content\/uploads\/2025\/10\/Screenshot_20250325_100850_YouTube.jpg\" alt=\"\" width=\"1080\" height=\"795\"  \/><\/p>\n<p>&#8211; Advertisement &#8211;<\/p>\n","protected":false},"excerpt":{"rendered":"O astro Adam Driver falou recentemente sobre a franquia de sucesso \u2018Star Wars\u2019, revelando que n\u00e3o estava pronto&hellip;\n","protected":false},"author":2,"featured_media":122923,"comment_status":"","ping_status":"","sticky":false,"template":"","format":"standard","meta":{"footnotes":""},"categories":[140],"tags":[6344,28423,7580,12722,28424,28425,28426,28427,28428,28429,28430,1579,114,115,3639,147,148,28431,28432,28433,26949,28434,28435,28436,28437,15415,26129,16102,146,28438,18243,32,33,28439,28440,19070,15423,5418,28441,28442],"class_list":{"0":"post-122922","1":"post","2":"type-post","3":"status-publish","4":"format-standard","5":"has-post-thumbnail","7":"category-filmes","8":"tag-adam-driver","9":"tag-alonso-ruizpalacios","10":"tag-andor","11":"tag-ben-mendelsohn","12":"tag-billy-dee-williams","13":"tag-carrie-fisher","14":"tag-chris-weitz","15":"tag-d-b-weiss","16":"tag-daisy-ridley","17":"tag-david-benioff","18":"tag-diego-luna","19":"tag-disney","20":"tag-entertainment","21":"tag-entretenimento","22":"tag-featured","23":"tag-film","24":"tag-filmes","25":"tag-forest-whitaker","26":"tag-george-nolfi","27":"tag-john-boyega","28":"tag-john-williams","29":"tag-jon-favreau","30":"tag-kathleen-kennedy","31":"tag-kelly-marie-tran","32":"tag-kyle-soller","33":"tag-lucasfilm","34":"tag-lupita-nyongo","35":"tag-mark-hamill","36":"tag-movies","37":"tag-natalie-portman","38":"tag-oscar-isaac","39":"tag-portugal","40":"tag-pt","41":"tag-richard-e-grant","42":"tag-rogue-one","43":"tag-ryan-phillippe","44":"tag-sharmeen-obaid-chinoy","45":"tag-star-wars","46":"tag-stellan-skarsgard","47":"tag-tony-gilroy"},"share_on_mastodon":{"url":"","error":"Validation failed: Text character limit of 500 exceeded"},"_links":{"self":[{"href":"https:\/\/www.europesays.com\/pt\/wp-json\/wp\/v2\/posts\/122922","targetHints":{"allow":["GET"]}}],"collection":[{"href":"https:\/\/www.europesays.com\/pt\/wp-json\/wp\/v2\/posts"}],"about":[{"href":"https:\/\/www.europesays.com\/pt\/wp-json\/wp\/v2\/types\/post"}],"author":[{"embeddable":true,"href":"https:\/\/www.europesays.com\/pt\/wp-json\/wp\/v2\/users\/2"}],"replies":[{"embeddable":true,"href":"https:\/\/www.europesays.com\/pt\/wp-json\/wp\/v2\/comments?post=122922"}],"version-history":[{"count":0,"href":"https:\/\/www.europesays.com\/pt\/wp-json\/wp\/v2\/posts\/122922\/revisions"}],"wp:featuredmedia":[{"embeddable":true,"href":"https:\/\/www.europesays.com\/pt\/wp-json\/wp\/v2\/media\/122923"}],"wp:attachment":[{"href":"https:\/\/www.europesays.com\/pt\/wp-json\/wp\/v2\/media?parent=122922"}],"wp:term":[{"taxonomy":"category","embeddable":true,"href":"https:\/\/www.europesays.com\/pt\/wp-json\/wp\/v2\/categories?post=122922"},{"taxonomy":"post_tag","embeddable":true,"href":"https:\/\/www.europesays.com\/pt\/wp-json\/wp\/v2\/tags?post=122922"}],"curies":[{"name":"wp","href":"https:\/\/api.w.org\/{rel}","templated":true}]}}